{"id":114,"date":"2019-11-06T21:42:22","date_gmt":"2019-11-06T21:42:22","guid":{"rendered":"http:\/\/adorodancar.com.br\/blog\/?p=114"},"modified":"2021-05-05T19:51:54","modified_gmt":"2021-05-05T19:51:54","slug":"principais-ritmos-da-danca","status":"publish","type":"post","link":"https:\/\/adorodancar.com.br\/blog\/2019\/11\/principais-ritmos-da-danca\/","title":{"rendered":"Conhe\u00e7a os principais ritmos da dan\u00e7a de sal\u00e3o atrav\u00e9s do programa \u201cEm Dan\u00e7a\u201d"},"content":{"rendered":"<p style=\"text-align: justify;\">Recentemente conheci uma s\u00e9rie muito interessante que gostaria de compartilhar com voc\u00eas que t\u00eam curiosidade de conhecer um pouco mais sobre os principais ritmos presentes no ambiente da dan\u00e7a de sal\u00e3o. Esta s\u00e9rie \u00e9 o programa <a href=\"http:\/\/tvbrasil.ebc.com.br\/emdanca\">\u201cEm Dan\u00e7a\u201d<\/a> do canal TVE Brasil\u00a0 que apresenta o universo da dan\u00e7a de sal\u00e3o em 13 epis\u00f3dios onde cada epis\u00f3dio apresenta uma modalidade de dan\u00e7a diferente atrav\u00e9s de entrevistas e demonstra\u00e7\u00f5es com convidados. Descubra mais sobre as modalidades de seu interesse assistindo os v\u00eddeos abaixo.<\/p>\n<h2>Samba de Gafieira<\/h2>\n<p><iframe loading=\"lazy\" title=\"O Samba de Gafieira e o Sal\u00e3o no Em Dan\u00e7a | Programa completo\" width=\"910\" height=\"512\" src=\"https:\/\/www.youtube.com\/embed\/VJZ2BawsyUU?start=1325&#038;feature=oembed\" frameborder=\"0\" allow=\"accelerometer; autoplay; clipboard-write; encrypted-media; gyroscope; picture-in-picture\" allowfullscreen><\/iframe><\/p>\n<p>Neste epis\u00f3dio, os convidados demonstram passos, falam sobre a origem do samba de gafieira e debatem a etiqueta no sal\u00e3o e o papel da dama e cavalheiro na condu\u00e7\u00e3o deste ritmo.<\/p>\n<h2>Zouk<\/h2>\n<p><iframe loading=\"lazy\" title=\"O Zouk brasileiro e a din\u00e2mica dos bailes | Em Dan\u00e7a | Programa completo\" width=\"910\" height=\"512\" src=\"https:\/\/www.youtube.com\/embed\/-GcjNN3hq4M?feature=oembed\" frameborder=\"0\" allow=\"accelerometer; autoplay; clipboard-write; encrypted-media; gyroscope; picture-in-picture\" allowfullscreen><\/iframe><\/p>\n<p>Este epis\u00f3dio apresenta o zouk brasileiro e a din\u00e2mica dos bailes.<\/p>\n<h2>Forr\u00f3<\/h2>\n<p><iframe loading=\"lazy\" title=\"O forr\u00f3 e suas varia\u00e7\u00f5es | Em Dan\u00e7a | Programa completo\" width=\"910\" height=\"512\" src=\"https:\/\/www.youtube.com\/embed\/gEnvq9Z_hLI?feature=oembed\" frameborder=\"0\" allow=\"accelerometer; autoplay; clipboard-write; encrypted-media; gyroscope; picture-in-picture\" allowfullscreen><\/iframe><\/p>\n<p>Este programa apresenta as bases e varia\u00e7\u00f5es do forr\u00f3.<\/p>\n<h2>Bolero<\/h2>\n<p><iframe loading=\"lazy\" title=\"Rom\u00e2ntico e moderno: o bolero \u00e9 destaque no Em Dan\u00e7a | Programa completo\" width=\"910\" height=\"512\" src=\"https:\/\/www.youtube.com\/embed\/N-U5vfHvJrU?feature=oembed\" frameborder=\"0\" allow=\"accelerometer; autoplay; clipboard-write; encrypted-media; gyroscope; picture-in-picture\" allowfullscreen><\/iframe><\/p>\n<p>Neste epis\u00f3dio, convidados falam sobre os encantos e as inova\u00e7\u00f5es do bolero<\/p>\n<h2>Soltinho<\/h2>\n<p><iframe loading=\"lazy\" title=\"Soltinho \u00e9 destaque no Em Dan\u00e7a\" width=\"910\" height=\"512\" src=\"https:\/\/www.youtube.com\/embed\/twHeZw1U1dM?feature=oembed\" frameborder=\"0\" allow=\"accelerometer; autoplay; clipboard-write; encrypted-media; gyroscope; picture-in-picture\" allowfullscreen><\/iframe><\/p>\n<p>Este v\u00eddeo destaca as principais caracter\u00edsticas do estilo.<\/p>\n<h2>West Coast<\/h2>\n<p><iframe loading=\"lazy\" title=\"West Coast Swing, balan\u00e7o e improviso | Em Dan\u00e7a | Programa Completo\" width=\"910\" height=\"512\" src=\"https:\/\/www.youtube.com\/embed\/SvgPQoii8Iw?start=2&#038;feature=oembed\" frameborder=\"0\" allow=\"accelerometer; autoplay; clipboard-write; encrypted-media; gyroscope; picture-in-picture\" allowfullscreen><\/iframe><\/p>\n<p>O epis\u00f3dio fala sobre a origem e as bases do West Coast citando as principais caracter\u00edsticas e passos b\u00e1sicos desta dan\u00e7a.<\/p>\n<h2>Salsa<\/h2>\n<p><iframe loading=\"lazy\" title=\"Em Dan\u00e7a destaca a Salsa\" width=\"910\" height=\"512\" src=\"https:\/\/www.youtube.com\/embed\/1PiLrSh53uk?feature=oembed\" frameborder=\"0\" allow=\"accelerometer; autoplay; clipboard-write; encrypted-media; gyroscope; picture-in-picture\" allowfullscreen><\/iframe><\/p>\n<p>Especialistas da salsa falam sobre as principais caracter\u00edsticas e curiosidades da dan\u00e7a, tudo com muito movimento e energia. O programa visita aulas de dan\u00e7a e bailes, al\u00e9m de dar dicas pra ajudar todo mundo a arriscar os primeiros passos.<\/p>\n<h2>Sertanejo<\/h2>\n<p><iframe loading=\"lazy\" title=\"V\u00e1rios formas de dan\u00e7ar o sertanejo | Em Dan\u00e7a | Programa completo\" width=\"910\" height=\"512\" src=\"https:\/\/www.youtube.com\/embed\/n-AYLxIxnTM?feature=oembed\" frameborder=\"0\" allow=\"accelerometer; autoplay; clipboard-write; encrypted-media; gyroscope; picture-in-picture\" allowfullscreen><\/iframe><\/p>\n<p>Neste v\u00eddeo, s\u00e3o demonstrados os diferentes estilos e diferen\u00e7as regionais do sertanejo. S\u00e3o mostradas aulas de dan\u00e7a e bailes caracter\u00edsticos, al\u00e9m de dar ensinar os primeiros passos.<\/p>\n<h2>Tango<\/h2>\n<p><iframe loading=\"lazy\" title=\"Tango, o rei da eleg\u00e2ncia! | Em Dan\u00e7a\" width=\"910\" height=\"512\" src=\"https:\/\/www.youtube.com\/embed\/qfB_N-p0qec?feature=oembed\" frameborder=\"0\" allow=\"accelerometer; autoplay; clipboard-write; encrypted-media; gyroscope; picture-in-picture\" allowfullscreen><\/iframe><\/p>\n<p>Este programa fala da eleg\u00e2ncia do Tango e alguns costumes bem espec\u00edficos dos praticantes dessa dan\u00e7a. \u00c9 apresentada a origem do Tango, os diferentes estilos e o comportamento no sal\u00e3o.<\/p>\n<h2>Kizomba<\/h2>\n<p><iframe loading=\"lazy\" title=\"A Kizomba e a ginga angolana | Em Dan\u00e7a | Programa completo\" width=\"910\" height=\"512\" src=\"https:\/\/www.youtube.com\/embed\/gD-KJGkl2jU?feature=oembed\" frameborder=\"0\" allow=\"accelerometer; autoplay; clipboard-write; encrypted-media; gyroscope; picture-in-picture\" allowfullscreen><\/iframe><\/p>\n<p>Os convidados falam sobre as origens e fus\u00f5es da Kizomba.<\/p>\n<h2>Bachata<\/h2>\n<p><iframe loading=\"lazy\" title=\"&#039;Em Dan\u00e7a&#039; no ritmo da Bachata\" width=\"910\" height=\"512\" src=\"https:\/\/www.youtube.com\/embed\/eZ_VG5eoV-M?start=243&#038;feature=oembed\" frameborder=\"0\" allow=\"accelerometer; autoplay; clipboard-write; encrypted-media; gyroscope; picture-in-picture\" allowfullscreen><\/iframe><\/p>\n<p>O epis\u00f3dio apresenta a origem da Bachata, as varia\u00e7\u00f5es da dan\u00e7a e sua expans\u00e3o pelo mundo.<\/p>\n<p>&nbsp;<\/p>\n<p>Como visto, o universo da dan\u00e7a \u00e9 muito vasto, recheado de mais de uma dezena de ritmos para nos divertir al\u00e9m de ser uma \u00f3tima forma de exercitar e integra\u00e7\u00e3o social. Destes ritmos apresentados, quais voc\u00ea j\u00e1 dan\u00e7a? Qual vai ser o pr\u00f3ximo ritmo que vai aprender a dan\u00e7ar?<\/p>\n<p><iframe class=\"iframe-ads-posts\" src=\"https:\/\/adorodancar.com.br\/blog\/ads_courses_content.php\"><\/iframe><\/p>\n","protected":false},"excerpt":{"rendered":"<p>Recentemente conheci uma s\u00e9rie muito interessante que gostaria de compartilhar com voc\u00eas que t\u00eam curiosidade de conhecer um pouco mais sobre os principais ritmos presentes no ambiente da dan\u00e7a de sal\u00e3o. Esta s\u00e9rie \u00e9 o programa \u201cEm Dan\u00e7a\u201d do canal TVE Brasil\u00a0 que apresenta o universo da dan\u00e7a de sal\u00e3o em 13 epis\u00f3dios onde cada epis\u00f3dio apresenta uma modalidade de dan\u00e7a diferente atrav\u00e9s de entrevistas e demonstra\u00e7\u00f5es com convidados. Descubra mais sobre as modalidades de seu interesse assistindo os v\u00eddeos abaixo. Samba de Gafieira Neste epis\u00f3dio, os convidados demonstram passos, falam sobre a origem do samba de gafieira e debatem a etiqueta no sal\u00e3o e o papel da dama e cavalheiro na condu\u00e7\u00e3o deste ritmo. Zouk Este epis\u00f3dio apresenta o zouk brasileiro e a din\u00e2mica dos bailes. Forr\u00f3 Este programa apresenta as bases e varia\u00e7\u00f5es do forr\u00f3. Bolero Neste epis\u00f3dio, convidados falam sobre os encantos e as inova\u00e7\u00f5es do bolero<\/p>\n","protected":false},"author":1,"featured_media":271,"comment_status":"open","ping_status":"open","sticky":false,"template":"","format":"standard","meta":{"_mi_skip_tracking":false},"categories":[2],"tags":[5,12,14,4,8,17,11,16,9,15,13],"yoast_head":"<!-- This site is optimized with the Yoast SEO plugin v14.2 - https:\/\/yoast.com\/wordpress\/plugins\/seo\/ -->\n<title>Conhe\u00e7a os principais ritmos da dan\u00e7a de sal\u00e3o atrav\u00e9s do programa \u201cEm Dan\u00e7a\u201d - Adoro Dan\u00e7ar<\/title>\n<meta name=\"description\" content=\"Conhe\u00e7a os principais ritmos da dan\u00e7a de sal\u00e3o atrav\u00e9s da s\u00e9rie &quot;em dan\u00e7a&quot;. Este artigo busca divulgar esta s\u00e9rie que achei muito interessante\" \/>\n<meta name=\"robots\" content=\"index, follow\" \/>\n<meta name=\"googlebot\" content=\"index, follow, max-snippet:-1, max-image-preview:large, max-video-preview:-1\" \/>\n<meta name=\"bingbot\" content=\"index, follow, max-snippet:-1, max-image-preview:large, max-video-preview:-1\" \/>\n<link rel=\"canonical\" href=\"https:\/\/adorodancar.com.br\/blog\/2019\/11\/principais-ritmos-da-danca\/\" \/>\n<meta property=\"og:locale\" content=\"pt_BR\" \/>\n<meta property=\"og:type\" content=\"article\" \/>\n<meta property=\"og:title\" content=\"Conhe\u00e7a os principais ritmos da dan\u00e7a de sal\u00e3o atrav\u00e9s do programa \u201cEm Dan\u00e7a\u201d - Adoro Dan\u00e7ar\" \/>\n<meta property=\"og:description\" content=\"Conhe\u00e7a os principais ritmos da dan\u00e7a de sal\u00e3o atrav\u00e9s da s\u00e9rie &quot;em dan\u00e7a&quot;. Este artigo busca divulgar esta s\u00e9rie que achei muito interessante\" \/>\n<meta property=\"og:url\" content=\"https:\/\/adorodancar.com.br\/blog\/2019\/11\/principais-ritmos-da-danca\/\" \/>\n<meta property=\"og:site_name\" content=\"Adoro Dan\u00e7ar\" \/>\n<meta property=\"article:publisher\" content=\"https:\/\/www.facebook.com\/adorodancaradois\" \/>\n<meta property=\"article:published_time\" content=\"2019-11-06T21:42:22+00:00\" \/>\n<meta property=\"article:modified_time\" content=\"2021-05-05T19:51:54+00:00\" \/>\n<meta property=\"og:image\" content=\"https:\/\/adorodancar.com.br\/blog\/wp-content\/uploads\/2019\/11\/programa-em-danca.png\" \/>\n\t<meta property=\"og:image:width\" content=\"1281\" \/>\n\t<meta property=\"og:image:height\" content=\"684\" \/>\n<meta name=\"twitter:card\" content=\"summary_large_image\" \/>\n<meta name=\"twitter:creator\" content=\"@adoro_dancar\" \/>\n<meta name=\"twitter:site\" content=\"@adoro_dancar\" \/>\n<script type=\"application\/ld+json\" class=\"yoast-schema-graph\">{\"@context\":\"https:\/\/schema.org\",\"@graph\":[{\"@type\":\"WebSite\",\"@id\":\"https:\/\/adorodancar.com.br\/blog\/#website\",\"url\":\"https:\/\/adorodancar.com.br\/blog\/\",\"name\":\"Adoro Dan\\u00e7ar\",\"description\":\"Site para todos que adoram dan\\u00e7ar\",\"potentialAction\":[{\"@type\":\"SearchAction\",\"target\":\"https:\/\/adorodancar.com.br\/blog\/?s={search_term_string}\",\"query-input\":\"required name=search_term_string\"}],\"inLanguage\":\"pt-BR\"},{\"@type\":\"ImageObject\",\"@id\":\"https:\/\/adorodancar.com.br\/blog\/2019\/11\/principais-ritmos-da-danca\/#primaryimage\",\"inLanguage\":\"pt-BR\",\"url\":\"https:\/\/adorodancar.com.br\/blog\/wp-content\/uploads\/2019\/11\/programa-em-danca.png\",\"width\":1281,\"height\":684,\"caption\":\"Programa da TVBrasil sobre dan\\u00e7a de sal\\u00e3o\"},{\"@type\":\"WebPage\",\"@id\":\"https:\/\/adorodancar.com.br\/blog\/2019\/11\/principais-ritmos-da-danca\/#webpage\",\"url\":\"https:\/\/adorodancar.com.br\/blog\/2019\/11\/principais-ritmos-da-danca\/\",\"name\":\"Conhe\\u00e7a os principais ritmos da dan\\u00e7a de sal\\u00e3o atrav\\u00e9s do programa \\u201cEm Dan\\u00e7a\\u201d - Adoro Dan\\u00e7ar\",\"isPartOf\":{\"@id\":\"https:\/\/adorodancar.com.br\/blog\/#website\"},\"primaryImageOfPage\":{\"@id\":\"https:\/\/adorodancar.com.br\/blog\/2019\/11\/principais-ritmos-da-danca\/#primaryimage\"},\"datePublished\":\"2019-11-06T21:42:22+00:00\",\"dateModified\":\"2021-05-05T19:51:54+00:00\",\"author\":{\"@id\":\"https:\/\/adorodancar.com.br\/blog\/#\/schema\/person\/6bbf1c50cac0723f058ee0743485b012\"},\"description\":\"Conhe\\u00e7a os principais ritmos da dan\\u00e7a de sal\\u00e3o atrav\\u00e9s da s\\u00e9rie \\\"em dan\\u00e7a\\\". Este artigo busca divulgar esta s\\u00e9rie que achei muito interessante\",\"inLanguage\":\"pt-BR\",\"potentialAction\":[{\"@type\":\"ReadAction\",\"target\":[\"https:\/\/adorodancar.com.br\/blog\/2019\/11\/principais-ritmos-da-danca\/\"]}]},{\"@type\":[\"Person\"],\"@id\":\"https:\/\/adorodancar.com.br\/blog\/#\/schema\/person\/6bbf1c50cac0723f058ee0743485b012\",\"name\":\"adorodan\\u00e7ar\",\"image\":{\"@type\":\"ImageObject\",\"@id\":\"https:\/\/adorodancar.com.br\/blog\/#personlogo\",\"inLanguage\":\"pt-BR\",\"url\":\"https:\/\/secure.gravatar.com\/avatar\/62ee7c1a19d6e6cde267b3b78fe33700?s=96&d=mm&r=g\",\"caption\":\"adorodan\\u00e7ar\"}}]}<\/script>\n<!-- \/ Yoast SEO plugin. -->","_links":{"self":[{"href":"https:\/\/adorodancar.com.br\/blog\/wp-json\/wp\/v2\/posts\/114"}],"collection":[{"href":"https:\/\/adorodancar.com.br\/blog\/wp-json\/wp\/v2\/posts"}],"about":[{"href":"https:\/\/adorodancar.com.br\/blog\/wp-json\/wp\/v2\/types\/post"}],"author":[{"embeddable":true,"href":"https:\/\/adorodancar.com.br\/blog\/wp-json\/wp\/v2\/users\/1"}],"replies":[{"embeddable":true,"href":"https:\/\/adorodancar.com.br\/blog\/wp-json\/wp\/v2\/comments?post=114"}],"version-history":[{"count":16,"href":"https:\/\/adorodancar.com.br\/blog\/wp-json\/wp\/v2\/posts\/114\/revisions"}],"predecessor-version":[{"id":446,"href":"https:\/\/adorodancar.com.br\/blog\/wp-json\/wp\/v2\/posts\/114\/revisions\/446"}],"wp:featuredmedia":[{"embeddable":true,"href":"https:\/\/adorodancar.com.br\/blog\/wp-json\/wp\/v2\/media\/271"}],"wp:attachment":[{"href":"https:\/\/adorodancar.com.br\/blog\/wp-json\/wp\/v2\/media?parent=114"}],"wp:term":[{"taxonomy":"category","embeddable":true,"href":"https:\/\/adorodancar.com.br\/blog\/wp-json\/wp\/v2\/categories?post=114"},{"taxonomy":"post_tag","embeddable":true,"href":"https:\/\/adorodancar.com.br\/blog\/wp-json\/wp\/v2\/tags?post=114"}],"curies":[{"name":"wp","href":"https:\/\/api.w.org\/{rel}","templated":true}]}}