{"id":173,"date":"2020-01-31T20:10:43","date_gmt":"2020-01-31T20:10:43","guid":{"rendered":"http:\/\/adorodancar.com.br\/blog\/?p=173"},"modified":"2022-12-27T22:39:05","modified_gmt":"2022-12-27T22:39:05","slug":"dancar-emagrece","status":"publish","type":"post","link":"https:\/\/adorodancar.com.br\/blog\/2020\/01\/dancar-emagrece\/","title":{"rendered":"Dan\u00e7ar emagrece ? Gasto Cal\u00f3rico da Dan\u00e7a"},"content":{"rendered":"<p><span data-contrast=\"none\">A pr\u00e1tica da dan\u00e7a \u00e9 uma atividade f\u00edsica que al\u00e9m de prazerosa, pode trazer in\u00fameros <\/span><span data-contrast=\"none\">benef\u00edcios para seu corpo como: melhorar equil\u00edbrio e postura corporal, aumentar a flexibilidade e coordena\u00e7\u00e3o, ganho de condicionamento f\u00edsico, desenvolver o racioc\u00ednio e a concentra\u00e7\u00e3o. Al\u00e9m disso, o h\u00e1bito da dan\u00e7a a<\/span>inda traz benef\u00edcios para sa\u00fade ao prevenir doen\u00e7as card\u00edacas e respirat\u00f3rias com <span data-contrast=\"none\">redu\u00e7\u00e3o do estresse<\/span>. <span data-contrast=\"none\">Mas dan\u00e7ar emagrece? <\/span><\/p>\n<p><span data-contrast=\"none\">Para descobrir o quanto a dan\u00e7a pode favorecer para quem deseja manter o peso em dia ou auxiliar no emagrecimento. O preparador f\u00edsico Jos\u00e9 Rubens apresentou, no programa Bem Estar, o quadro abaixo indicando quanto de caloria pode ser queimada em 30 minutos de atividades:<\/span><\/p>\n<figure id=\"attachment_340\" aria-describedby=\"caption-attachment-340\" style=\"width: 620px\" class=\"wp-caption aligncenter\"><img decoding=\"async\" loading=\"lazy\" class=\"wp-image-340 size-full\" title=\"queima de calorias dan\u00e7ando\" src=\"https:\/\/adorodancar.com.br\/blog\/wp-content\/uploads\/2020\/01\/dancavalendo1-1.jpg\" alt=\"queimar-calorias-dan\u00e7ando\" width=\"620\" height=\"840\" srcset=\"https:\/\/adorodancar.com.br\/blog\/wp-content\/uploads\/2020\/01\/dancavalendo1-1.jpg 620w, https:\/\/adorodancar.com.br\/blog\/wp-content\/uploads\/2020\/01\/dancavalendo1-1-221x300.jpg 221w\" sizes=\"(max-width: 620px) 100vw, 620px\" \/><figcaption id=\"caption-attachment-340\" class=\"wp-caption-text\">Quantas Calorias se perde dan\u00e7ando?(fonte G1)<\/figcaption><\/figure>\n<p>Podemos ver no quadro quanto diversos ritmos para dan\u00e7ar e queimar de calorias: tango, mambo, samba,flamenco,dan\u00e7a do ventre, jazz, bolero, lambaer\u00f3bica, dan\u00e7a de rua, hip hop , bal\u00e9, forr\u00f3, samba de gafieira, salsa e rock. O artigo completo sobre o que foi falado neste programa se encontra <a href=\"http:\/\/g1.globo.com\/bemestar\/noticia\/2012\/02\/aprenda-dancar-samba-e-zumba-e-saiba-quais-sao-principais-beneficios.html\">dispon\u00edvel aqui<\/a>. No momento que estou escrevendo este texto, n\u00e3o encontrei mais dispon\u00edvel na globoplay o v\u00eddeo espec\u00edfico para este programa do bem estar.<\/p>\n<p><span data-contrast=\"none\">Para quem deseja ter uma no\u00e7\u00e3o mais personalizada de qual seria o gasto cal\u00f3rico obtido ao dan\u00e7ar, abaixo, disponibilizo a calculadora da Yazio para\u00a0 os curiosos que desejam\u00a0 ter uma base sobre o gasto cal\u00f3rico durante a dan\u00e7a e quiser comparar com outras atividades f\u00edsicas. Preencha com a modalidade de dan\u00e7a mais pr\u00f3xima de qual voc\u00ea pratica , tempo de pr\u00e1tica , sexo , idade e peso. Veja se dan\u00e7ar emagrece!\u00a0<\/span><\/p>\n<div class=\"yz-widget\" data-calculator-type=\"calories_burned\" data-language=\"pt\" data-unit-system=\"metric\" data-background-color=\"#EEEEEE\" data-text-color=\"#212121\" data-primary-color=\"#03A9F4\" data-alternate-background-color=\"#FFFFFF\" data-alternate-text-color=\"#FFFFFF\" data-secondary-color=\"#FFC107\"><span class=\"yz-copyright\">Powered\u00a0by\u00a0<a href=\"https:\/\/www.yazio.com\/pt\/calculadora-gasto-calorico\">YAZIO<\/a><\/span><\/div>\n<p>Dependendo de todos os fatores configur\u00e1veis na calculadora (sexo , estilo de dan\u00e7a,tempo de dura\u00e7\u00e3o da atividade, idade e peso), o gasto cal\u00f3rico pode variar de 200 a 700 calorias por hora dan\u00e7ando.N\u00e3o se tem todos os ritmos de dan\u00e7a,mas d\u00e1 para adaptar e se ter uma ideia legal. Segundo a calculadora,as atividades f\u00edsicas que mais se assemelham a dan\u00e7a em gasto cal\u00f3rico s\u00e3o: corrida,nata\u00e7\u00e3o e ciclismo.<\/p>\n<p>Desta forma, podemos ver que independente do estilo, dan\u00e7ar emagrece visto que \u00e9 uma \u00f3tima atividade para queimar calorias, por\u00e9m esta pr\u00e1tica deve ser frequente em conjunto com uma dieta balanceada. Adaptar os hor\u00e1rios e separar ao menos dois dias na semana para a pr\u00e1tica \u00e9 essencial. Outra dica importante \u00e9 escolher\u00a0 profissionais s\u00e9rios e reconhecidos para te acompanhar neste processo de queimar calorias dan\u00e7ando.<\/p>\n<figure id=\"attachment_404\" aria-describedby=\"caption-attachment-404\" style=\"width: 402px\" class=\"wp-caption aligncenter\"><a href=\"https:\/\/bit.ly\/3atkE6L\" target=\"_blank\" rel=\"noopener noreferrer\"><img decoding=\"async\" loading=\"lazy\" class=\"wp-image-404\" title=\"dan\u00e7ar para quem n\u00e3o dan\u00e7a\" src=\"https:\/\/adorodancar.com.br\/blog\/wp-content\/uploads\/2020\/08\/Danca-para-quem-nao-danca_SAMDA-lead.png\" alt=\"Aprenda dan\u00e7ar\" width=\"402\" height=\"211\" srcset=\"https:\/\/adorodancar.com.br\/blog\/wp-content\/uploads\/2020\/08\/Danca-para-quem-nao-danca_SAMDA-lead.png 1200w, https:\/\/adorodancar.com.br\/blog\/wp-content\/uploads\/2020\/08\/Danca-para-quem-nao-danca_SAMDA-lead-300x158.png 300w, https:\/\/adorodancar.com.br\/blog\/wp-content\/uploads\/2020\/08\/Danca-para-quem-nao-danca_SAMDA-lead-1024x538.png 1024w, https:\/\/adorodancar.com.br\/blog\/wp-content\/uploads\/2020\/08\/Danca-para-quem-nao-danca_SAMDA-lead-768x403.png 768w\" sizes=\"(max-width: 402px) 100vw, 402px\" \/><\/a><figcaption id=\"caption-attachment-404\" class=\"wp-caption-text\">Para quem deseja aprender a dan\u00e7ar e pensa que n\u00e3o leva jeito<\/figcaption><\/figure>\n<p>O n\u00famero de calorias que voc\u00ea pode perder durante uma hora de dan\u00e7a pode variar bastante, dependendo de v\u00e1rios fatores, incluindo o tipo de dan\u00e7a que voc\u00ea est\u00e1 fazendo, o seu peso, o seu n\u00edvel de condicionamento f\u00edsico e a intensidade da atividade.<\/p>\n<p>De maneira geral, a dan\u00e7a pode ser uma atividade f\u00edsica bastante intensa e pode ajudar a queimar calorias de maneira eficaz. Algumas estimativas sugerem que uma pessoa de 70 kg pode queimar cerca de 240-295 calorias por hora de dan\u00e7a aer\u00f3bica, enquanto outras fontes afirmam que a mesma pessoa pode queimar at\u00e9 600 calorias por hora de dan\u00e7a com muita intensidade.<\/p>\n<p>No entanto, \u00e9 importante lembrar que essas s\u00e3o apenas estimativas e que o n\u00famero real de calorias que voc\u00ea pode queimar pode variar bastante. \u00c9 sempre melhor consultar um profissional de sa\u00fade ou um treinador para obter uma estimativa mais precisa do n\u00famero de calorias que voc\u00ea pode queimar durante uma hora de dan\u00e7a.<\/p>\n<p>Para um guia detalhado com dicas de como emagrecer dan\u00e7ando, existem diversos ebooks na internet. Vou mostrar uns ebooks que encontrei abaixo:<\/p>\n<p>&nbsp;<\/p>\n<p><a href=\"http:\/\/bit.ly\/3r29SL5\" rel=\"nofollow\"><img decoding=\"async\" loading=\"lazy\" class=\"\" style=\"float: left;\" src=\"http:\/\/www.ofertasespeciais.com.br\/ebook\/banners\/emagrece\/banner-250x250.gif\" width=\"280\" height=\"280\" border=\"0\" \/><\/a><\/p>\n<p>&nbsp;<\/p>\n<p>Neste e-book s\u00e3o abordadas t\u00e9cnicas de dan\u00e7a e informa\u00e7\u00f5es de diversos ritmos que poder\u00e3o queimar at\u00e9 1.000 CALORIAS em apenas 1 hora de aula.<\/p>\n<p>Imagine ent\u00e3o o resultado se voc\u00ea dan\u00e7ar uma hora por dia, 4 vezes por semana? Desta forma \u00e9 poss\u00edvel emagrecer de uma maneira SAUD\u00c1VEL e DIVERTIDA. Para saber mais <a href=\"http:\/\/bit.ly\/3r29SL5\">clique aqui<\/a><\/p>\n<p>&nbsp;<\/p>\n<p>&nbsp;<\/p>\n<p>&nbsp;<\/p>\n<p>&nbsp;<\/p>\n<p><a href=\"https:\/\/bit.ly\/3r2EoEq\" rel=\"nofollow\"> <img decoding=\"async\" loading=\"lazy\" class=\"alignnone wp-image-371 \" style=\"float: left; padding: 1em;\" src=\"https:\/\/adorodancar.com.br\/blog\/wp-content\/uploads\/2020\/01\/Captura-de-tela-2021-02-27-114510.png\" alt=\"Ebook sobre perder peso dan\u00e7ando\" width=\"275\" height=\"230\" srcset=\"https:\/\/adorodancar.com.br\/blog\/wp-content\/uploads\/2020\/01\/Captura-de-tela-2021-02-27-114510.png 303w, https:\/\/adorodancar.com.br\/blog\/wp-content\/uploads\/2020\/01\/Captura-de-tela-2021-02-27-114510-300x251.png 300w\" sizes=\"(max-width: 275px) 100vw, 275px\" \/><\/a><\/p>\n<p style=\"padding: 1em; margin-left: 1em; text-align: left;\">Neste e-book, s\u00e3o apresentados truques por tr\u00e1s da dan\u00e7a, por que dan\u00e7ar \u00e9 o caminho para perder gordura, dicas de dan\u00e7a e exerc\u00edcios, os segredos por tr\u00e1s dos tipos de movimentos durante a dan\u00e7a e perda de peso, os tipos de dan\u00e7as associados a perda de gordura, os benef\u00edcios da perda de gordura para a sa\u00fade, como evitar les\u00f5es, os benef\u00edcios da perda de gordura para uma sa\u00fade ideal e boas li\u00e7\u00f5es a serem aprendidas com o estudo de caso de perda de gordura. Para saber mais <a href=\"https:\/\/bit.ly\/3r2EoEq\">clique aqui<\/a><\/p>\n<p>&nbsp;<\/p>\n<p>&nbsp;<\/p>\n<p>&nbsp;<\/p>\n<p><iframe class=\"iframe-ads-posts\" src=\"https:\/\/adorodancar.com.br\/blog\/ads_courses_content.php?r=zumba\"><\/iframe><\/p>\n","protected":false},"excerpt":{"rendered":"<p>A pr\u00e1tica da dan\u00e7a \u00e9 uma atividade f\u00edsica que al\u00e9m de prazerosa, pode trazer in\u00fameros benef\u00edcios para seu corpo como: melhorar equil\u00edbrio e postura corporal, aumentar a flexibilidade e coordena\u00e7\u00e3o, ganho de condicionamento f\u00edsico, desenvolver o racioc\u00ednio e a concentra\u00e7\u00e3o. Al\u00e9m disso, o h\u00e1bito da dan\u00e7a ainda traz benef\u00edcios para sa\u00fade ao prevenir doen\u00e7as card\u00edacas e respirat\u00f3rias com redu\u00e7\u00e3o do estresse. Mas dan\u00e7ar emagrece? Para descobrir o quanto a dan\u00e7a pode favorecer para quem deseja manter o peso em dia ou auxiliar no emagrecimento. O preparador f\u00edsico Jos\u00e9 Rubens apresentou, no programa Bem Estar, o quadro abaixo indicando quanto de caloria pode ser queimada em 30 minutos de atividades: Podemos ver no quadro quanto diversos ritmos para dan\u00e7ar e queimar de calorias: tango, mambo, samba,flamenco,dan\u00e7a do ventre, jazz, bolero, lambaer\u00f3bica, dan\u00e7a de rua, hip hop , bal\u00e9, forr\u00f3, samba de gafieira, salsa e rock. O artigo completo sobre o que<\/p>\n","protected":false},"author":1,"featured_media":274,"comment_status":"open","ping_status":"open","sticky":false,"template":"","format":"standard","meta":{"_mi_skip_tracking":false},"categories":[2],"tags":[53,59,8,58,61,57,55,56,62,16,9,60],"yoast_head":"<!-- This site is optimized with the Yoast SEO plugin v14.2 - https:\/\/yoast.com\/wordpress\/plugins\/seo\/ -->\n<title>Dan\u00e7ar emagrece ? Gasto Cal\u00f3rico da Dan\u00e7a - Adoro Dan\u00e7ar<\/title>\n<meta name=\"description\" content=\"Ser\u00e1 que dan\u00e7ar emagrece?Veja atrav\u00e9s de uma tabela e uma calculadora quantas calorias podem ser queirmadas com a dan\u00e7a.\" \/>\n<meta name=\"robots\" content=\"index, follow\" \/>\n<meta name=\"googlebot\" content=\"index, follow, max-snippet:-1, max-image-preview:large, max-video-preview:-1\" \/>\n<meta name=\"bingbot\" content=\"index, follow, max-snippet:-1, max-image-preview:large, max-video-preview:-1\" \/>\n<link rel=\"canonical\" href=\"https:\/\/adorodancar.com.br\/blog\/2020\/01\/dancar-emagrece\/\" \/>\n<meta property=\"og:locale\" content=\"pt_BR\" \/>\n<meta property=\"og:type\" content=\"article\" \/>\n<meta property=\"og:title\" content=\"Dan\u00e7ar emagrece ? Gasto Cal\u00f3rico da Dan\u00e7a - Adoro Dan\u00e7ar\" \/>\n<meta property=\"og:description\" content=\"Ser\u00e1 que dan\u00e7ar emagrece?Veja atrav\u00e9s de uma tabela e uma calculadora quantas calorias podem ser queirmadas com a dan\u00e7a.\" \/>\n<meta property=\"og:url\" content=\"https:\/\/adorodancar.com.br\/blog\/2020\/01\/dancar-emagrece\/\" \/>\n<meta property=\"og:site_name\" content=\"Adoro Dan\u00e7ar\" \/>\n<meta property=\"article:publisher\" content=\"https:\/\/www.facebook.com\/adorodancaradois\" \/>\n<meta property=\"article:published_time\" content=\"2020-01-31T20:10:43+00:00\" \/>\n<meta property=\"article:modified_time\" content=\"2022-12-27T22:39:05+00:00\" \/>\n<meta property=\"og:image\" content=\"https:\/\/adorodancar.com.br\/blog\/wp-content\/uploads\/2020\/01\/fitness-737474_1920.jpg\" \/>\n\t<meta property=\"og:image:width\" content=\"1920\" \/>\n\t<meta property=\"og:image:height\" content=\"1275\" \/>\n<meta name=\"twitter:card\" content=\"summary_large_image\" \/>\n<meta name=\"twitter:creator\" content=\"@adoro_dancar\" \/>\n<meta name=\"twitter:site\" content=\"@adoro_dancar\" \/>\n<script type=\"application\/ld+json\" class=\"yoast-schema-graph\">{\"@context\":\"https:\/\/schema.org\",\"@graph\":[{\"@type\":\"WebSite\",\"@id\":\"https:\/\/adorodancar.com.br\/blog\/#website\",\"url\":\"https:\/\/adorodancar.com.br\/blog\/\",\"name\":\"Adoro Dan\\u00e7ar\",\"description\":\"Site para todos que adoram dan\\u00e7ar\",\"potentialAction\":[{\"@type\":\"SearchAction\",\"target\":\"https:\/\/adorodancar.com.br\/blog\/?s={search_term_string}\",\"query-input\":\"required name=search_term_string\"}],\"inLanguage\":\"pt-BR\"},{\"@type\":\"ImageObject\",\"@id\":\"https:\/\/adorodancar.com.br\/blog\/2020\/01\/dancar-emagrece\/#primaryimage\",\"inLanguage\":\"pt-BR\",\"url\":\"https:\/\/adorodancar.com.br\/blog\/wp-content\/uploads\/2020\/01\/fitness-737474_1920.jpg\",\"width\":1920,\"height\":1275,\"caption\":\"Dan\\u00e7a aer\\u00f3bica\"},{\"@type\":\"WebPage\",\"@id\":\"https:\/\/adorodancar.com.br\/blog\/2020\/01\/dancar-emagrece\/#webpage\",\"url\":\"https:\/\/adorodancar.com.br\/blog\/2020\/01\/dancar-emagrece\/\",\"name\":\"Dan\\u00e7ar emagrece ? Gasto Cal\\u00f3rico da Dan\\u00e7a - Adoro Dan\\u00e7ar\",\"isPartOf\":{\"@id\":\"https:\/\/adorodancar.com.br\/blog\/#website\"},\"primaryImageOfPage\":{\"@id\":\"https:\/\/adorodancar.com.br\/blog\/2020\/01\/dancar-emagrece\/#primaryimage\"},\"datePublished\":\"2020-01-31T20:10:43+00:00\",\"dateModified\":\"2022-12-27T22:39:05+00:00\",\"author\":{\"@id\":\"https:\/\/adorodancar.com.br\/blog\/#\/schema\/person\/6bbf1c50cac0723f058ee0743485b012\"},\"description\":\"Ser\\u00e1 que dan\\u00e7ar emagrece?Veja atrav\\u00e9s de uma tabela e uma calculadora quantas calorias podem ser queirmadas com a dan\\u00e7a.\",\"inLanguage\":\"pt-BR\",\"potentialAction\":[{\"@type\":\"ReadAction\",\"target\":[\"https:\/\/adorodancar.com.br\/blog\/2020\/01\/dancar-emagrece\/\"]}]},{\"@type\":[\"Person\"],\"@id\":\"https:\/\/adorodancar.com.br\/blog\/#\/schema\/person\/6bbf1c50cac0723f058ee0743485b012\",\"name\":\"adorodan\\u00e7ar\",\"image\":{\"@type\":\"ImageObject\",\"@id\":\"https:\/\/adorodancar.com.br\/blog\/#personlogo\",\"inLanguage\":\"pt-BR\",\"url\":\"https:\/\/secure.gravatar.com\/avatar\/62ee7c1a19d6e6cde267b3b78fe33700?s=96&d=mm&r=g\",\"caption\":\"adorodan\\u00e7ar\"}}]}<\/script>\n<!-- \/ Yoast SEO plugin. -->","_links":{"self":[{"href":"https:\/\/adorodancar.com.br\/blog\/wp-json\/wp\/v2\/posts\/173"}],"collection":[{"href":"https:\/\/adorodancar.com.br\/blog\/wp-json\/wp\/v2\/posts"}],"about":[{"href":"https:\/\/adorodancar.com.br\/blog\/wp-json\/wp\/v2\/types\/post"}],"author":[{"embeddable":true,"href":"https:\/\/adorodancar.com.br\/blog\/wp-json\/wp\/v2\/users\/1"}],"replies":[{"embeddable":true,"href":"https:\/\/adorodancar.com.br\/blog\/wp-json\/wp\/v2\/comments?post=173"}],"version-history":[{"count":20,"href":"https:\/\/adorodancar.com.br\/blog\/wp-json\/wp\/v2\/posts\/173\/revisions"}],"predecessor-version":[{"id":504,"href":"https:\/\/adorodancar.com.br\/blog\/wp-json\/wp\/v2\/posts\/173\/revisions\/504"}],"wp:featuredmedia":[{"embeddable":true,"href":"https:\/\/adorodancar.com.br\/blog\/wp-json\/wp\/v2\/media\/274"}],"wp:attachment":[{"href":"https:\/\/adorodancar.com.br\/blog\/wp-json\/wp\/v2\/media?parent=173"}],"wp:term":[{"taxonomy":"category","embeddable":true,"href":"https:\/\/adorodancar.com.br\/blog\/wp-json\/wp\/v2\/categories?post=173"},{"taxonomy":"post_tag","embeddable":true,"href":"https:\/\/adorodancar.com.br\/blog\/wp-json\/wp\/v2\/tags?post=173"}],"curies":[{"name":"wp","href":"https:\/\/api.w.org\/{rel}","templated":true}]}}