{"id":293,"date":"2020-07-25T16:23:50","date_gmt":"2020-07-25T16:23:50","guid":{"rendered":"https:\/\/adorodancar.com.br\/blog\/?p=293"},"modified":"2021-05-05T19:46:14","modified_gmt":"2021-05-05T19:46:14","slug":"arraia-online","status":"publish","type":"post","link":"https:\/\/adorodancar.com.br\/blog\/2020\/07\/arraia-online\/","title":{"rendered":"Arrai\u00e1 Online: Lives de forr\u00f3 para animar e dan\u00e7ar"},"content":{"rendered":"<p>No post sobre as influ\u00eancias do isolamento social no universo dan\u00e7ante (<a href=\"https:\/\/adorodancar.com.br\/blog\/2020\/06\/alternativas-para-dancar-online-durante-o-isolamento-social\/\">dispon\u00edvel aqui<\/a>), mencionei que os artistas tiveram de se reinventar neste per\u00edodo, impulsionando a cria\u00e7\u00e3o de shows ao vivo atrav\u00e9s de lives em redes sociais. Artistas que costumam fazer apresenta\u00e7\u00f5es especiais para imensas multid\u00f5es no formato de arrai\u00e1 buscaram, no mundo virtual, n\u00e3o deixar esta \u00e9poca passar em branco e disponibilizaram em formato de live, shows virtuais atrav\u00e9s das suas redes sociais. Desta forma, a \u00e9poca de festas juninas n\u00e3o foi esquecida este ano na internet, ent\u00e3o vou postar aqui uma lista de lives com muito forr\u00f3 p\u00e9 de serra para te animar nesta \u00e9poca e te fazer dan\u00e7ar muito.<\/p>\n<h2>ARRAI\u00c1 DA FALAMANSA<\/h2>\n<p><iframe loading=\"lazy\" title=\"ARRAI\u00c1 DA FALAMANSA - LIVE SHOW 14 \/06 - 16H\" width=\"910\" height=\"512\" src=\"https:\/\/www.youtube.com\/embed\/praZaMNawYU?feature=oembed\" frameborder=\"0\" allow=\"accelerometer; autoplay; clipboard-write; encrypted-media; gyroscope; picture-in-picture\" allowfullscreen><\/iframe><\/p>\n<p>A <a href=\"https:\/\/falamansa.com.br\/biografia\/\">Banda Falamansa<\/a>, que \u00e9 uma das bandas de forr\u00f3 mais conhecida da atualidade e arrasta multid\u00f5es, apresenta um especial de S\u00e3o Jo\u00e3o\u00a0 em mais de tr\u00eas horas com seus principais sucessos como Xote da Alegria, Xote dos Milagres, Rindo \u00e0 Toa, Avisa, 100 Anos e muito mais em seu <a href=\"https:\/\/www.youtube.com\/channel\/UChFLeEYoqjyG2bBvV7WhJSQ\">canal oficial do youtube<\/a>. A live tamb\u00e9m buscou arrecadar doa\u00e7\u00f5es para pessoas em situa\u00e7\u00e3o de vulnerabilidade devido \u00e0 pandemia de coronav\u00edrus.<\/p>\n<h2>Live Junina do Trio Dona Zefa<\/h2>\n<p><iframe loading=\"lazy\" title=\"Inscreva-se no Canal! Live Junina do Trio Dona Zefa\" width=\"910\" height=\"512\" src=\"https:\/\/www.youtube.com\/embed\/yqkDATO1MME?feature=oembed\" frameborder=\"0\" allow=\"accelerometer; autoplay; clipboard-write; encrypted-media; gyroscope; picture-in-picture\" allowfullscreen><\/iframe><\/p>\n<p>Com mais de 15 anos de estrada, <a href=\"http:\/\/www.triodonazefa.com.br\/\">Trio Dona Zefa<\/a>, que j\u00e1 \u00e9 acostumado a trazer multid\u00f5es para seus shows, fez uma live junina no canal <a href=\"https:\/\/www.youtube.com\/channel\/UC99vQj5CK2KpqA5AjUe-XZQ\">Canto da Ema<\/a> com seus principais sucessos e muita m\u00fasica t\u00edpica de festa junina.Vale a pena aproveitar.<\/p>\n<h2>Arrai\u00e1 do Mestrinho<\/h2>\n<p><iframe loading=\"lazy\" title=\"Arrai\u00e1 do Mestrinho\" width=\"910\" height=\"512\" src=\"https:\/\/www.youtube.com\/embed\/BzmTC4WWs8g?feature=oembed\" frameborder=\"0\" allow=\"accelerometer; autoplay; clipboard-write; encrypted-media; gyroscope; picture-in-picture\" allowfullscreen><\/iframe><\/p>\n<p>Em seu canal, o cantor e compositor de forr\u00f3 <a href=\"https:\/\/www.youtube.com\/channel\/UC99vQj5CK2KpqA5AjUe-XZQ\">Mestrinho<\/a>, apresenta um show de forr\u00f3 p\u00e9 de serra de qualidade em quase 3 horas de show em seu <a href=\"https:\/\/www.youtube.com\/channel\/UC99vQj5CK2KpqA5AjUe-XZQ\">canal oficial<\/a>. Foi uma live solida\u0301ria em parceria com a @picpay , e toda renda arrecadada sendo revertida para a @lanchonete.lanchonete , uma instituic\u0327a\u0303o de caridade do Rio de Janeiro.<\/p>\n<h2>Elba Ramalho &#8211; Festa Junina Solid\u00e1ria para Amigos do Bem<\/h2>\n<p><iframe loading=\"lazy\" title=\"Elba Ramalho - Festa Junina Solid\u00e1ria para Amigos do Bem #FiqueEmCasa e Cante #Comigo\" width=\"910\" height=\"512\" src=\"https:\/\/www.youtube.com\/embed\/M_5VMfYJ44Q?start=330&#038;feature=oembed\" frameborder=\"0\" allow=\"accelerometer; autoplay; clipboard-write; encrypted-media; gyroscope; picture-in-picture\" allowfullscreen><\/iframe><\/p>\n<p>Em seu<a href=\"https:\/\/www.youtube.com\/channel\/UCirNyQEGMqjQa2F7-XyZNWg\"> canal oficial do Youtube<\/a>, a famosa cantora <a href=\"http:\/\/www.elbaramalho.com.br\/\">Elba Ramalho<\/a> apresenta uma \u00f3tima live com muito forr\u00f3 e anima\u00e7\u00e3o. A live beneficiente foi promovida pela ACESC e o SINDI Clube para arrecadar doa\u00e7\u00f5es para a ONG Amigos do Bem.<\/p>\n<h2>TRIO POTIGU\u00c1 &#8211; ARRAI\u00c1 SOLID\u00c1RIO<\/h2>\n<p><iframe loading=\"lazy\" title=\"TRIO POTIGU\u00c1 - ARRAI\u00c1 SOLID\u00c1RIO\" width=\"910\" height=\"512\" src=\"https:\/\/www.youtube.com\/embed\/EAGpirCI3Ms?start=2604&#038;feature=oembed\" frameborder=\"0\" allow=\"accelerometer; autoplay; clipboard-write; encrypted-media; gyroscope; picture-in-picture\" allowfullscreen><\/iframe><\/p>\n<p>Em um evento para auxiliar m\u00fasicos na regi\u00e3o de parnamerim,o <a href=\"https:\/\/open.spotify.com\/artist\/6jpuapq0n5nnW1zktWvbVJ\/about\">trio potigu\u00e1<\/a> faz uma longa e \u00f3tima apresenta\u00e7\u00e3o neste arrai\u00e1 solid\u00e1rio.<\/p>\n<h2>Live Show Solid\u00e1ria os 3 do Nordeste<\/h2>\n<p><iframe loading=\"lazy\" title=\"Live Show Solid\u00e1ria os 3 do Nordeste\" width=\"910\" height=\"512\" src=\"https:\/\/www.youtube.com\/embed\/xgiTRcFM8xM?start=9102&#038;feature=oembed\" frameborder=\"0\" allow=\"accelerometer; autoplay; clipboard-write; encrypted-media; gyroscope; picture-in-picture\" allowfullscreen><\/iframe><\/p>\n<p>Grupo com muitos anos de estrada no forr\u00f3 p\u00e9 de serra, <a href=\"https:\/\/www.youtube.com\/channel\/UCP4vPhiESuwPrVe-Gmy2sJQ\">Os tr\u00eas do Nordeste<\/a> participa desta apresenta\u00e7\u00e3o promovida pela prefeitura de pedra branca numa animada festa de s\u00e3o jo\u00e3o. Cante e dance com esta banda que apresenta sucessos desde a d\u00e9cada de 70.<\/p>\n<h2 class=\"title style-scope ytd-video-primary-info-renderer\"><span class=\"style-scope yt-formatted-string\" dir=\"auto\">Live Ful\u00f4 de Mandacaru &#8211;\u00a0<\/span><a class=\"yt-simple-endpoint style-scope yt-formatted-string\" dir=\"auto\" spellcheck=\"false\" href=\"https:\/\/www.youtube.com\/results?search_query=%23Arrai%C3%A1daFul%C3%B4\">#Arrai\u00e1daFul\u00f4<\/a><\/h2>\n<p><iframe loading=\"lazy\" title=\"Live Ful\u00f4 de Mandacaru - #Arrai\u00e1daFul\u00f4\" width=\"910\" height=\"512\" src=\"https:\/\/www.youtube.com\/embed\/p9B3I7obh4E?start=150&#038;feature=oembed\" frameborder=\"0\" allow=\"accelerometer; autoplay; encrypted-media; gyroscope; picture-in-picture\" allowfullscreen><\/iframe><\/p>\n<p>Em uma das lives de forr\u00f3 mais assistidas pelo Youtube, a banda pernambucana <a href=\"https:\/\/www.bandafulodemandacaru.com\/\">Ful\u00f4 de Mandacaru<\/a> ,que ficou conhecida nacionalmente ao vencer o reality show superstar em 2016 na TV Globo, apresentou uma live com mais de 6 horas de dura\u00e7\u00e3o. Muita energia e anima\u00e7\u00e3o desta banda.<\/p>\n<h2>FL\u00c1VIO JOS\u00c9 &#8211; LIVE ARRAI\u00c1 DE S\u00c3O JO\u00c3O<\/h2>\n<p><iframe loading=\"lazy\" title=\"FL\u00c1VIO JOS\u00c9 - LIVE ARRAI\u00c1 DE S\u00c3O JO\u00c3O\" width=\"910\" height=\"512\" src=\"https:\/\/www.youtube.com\/embed\/F6Zwtka04sY?start=19600&#038;feature=oembed\" frameborder=\"0\" allow=\"accelerometer; autoplay; clipboard-write; encrypted-media; gyroscope; picture-in-picture\" allowfullscreen><\/iframe><\/p>\n<p>Com mais de 8 horas de um forr\u00f3 um aut\u00eantico, com programa\u00e7\u00e3o montada remetendo as festas de s\u00e3o jo\u00e3o do interior, representando a pura tradi\u00e7\u00e3o nordestina e\u00a0 simplicidade do interior, acompanhem <a href=\"https:\/\/www.youtube.com\/channel\/UCHBvKRyCp-azxRDAp9WkHqA\">Fl\u00e1vio Jos\u00e9<\/a> e convidados neste arrai\u00e1 de muito forr\u00f3. Uma das lives de forr\u00f3 mais assistidas neste per\u00edodo de pandemia com mais de 1 milh\u00e3o de visualiza\u00e7\u00f5es.<\/p>\n<p>Curtiram a lista de lives? S\u00e3o dezenas de horas de muito forr\u00f3 p\u00e9 de serra para te animar e te levar a dan\u00e7ar o forr\u00f3 para que esta \u00e9poca de festas n\u00e3o passe em branco. Ficou faltando alguma live junina de forr\u00f3 p\u00e9 de serra?Comentem a\u00ed boas lives para assistir tamb\u00e9m.<\/p>\n<p><iframe class=\"iframe-ads-posts\" src=\"https:\/\/adorodancar.com.br\/blog\/ads_courses_content.php?r=forr\u00f3\"><\/iframe><\/p>\n","protected":false},"excerpt":{"rendered":"<p>No post sobre as influ\u00eancias do isolamento social no universo dan\u00e7ante (dispon\u00edvel aqui), mencionei que os artistas tiveram de se reinventar neste per\u00edodo, impulsionando a cria\u00e7\u00e3o de shows ao vivo atrav\u00e9s de lives em redes sociais. Artistas que costumam fazer apresenta\u00e7\u00f5es especiais para imensas multid\u00f5es no formato de arrai\u00e1 buscaram, no mundo virtual, n\u00e3o deixar esta \u00e9poca passar em branco e disponibilizaram em formato de live, shows virtuais atrav\u00e9s das suas redes sociais. Desta forma, a \u00e9poca de festas juninas n\u00e3o foi esquecida este ano na internet, ent\u00e3o vou postar aqui uma lista de lives com muito forr\u00f3 p\u00e9 de serra para te animar nesta \u00e9poca e te fazer dan\u00e7ar muito. ARRAI\u00c1 DA FALAMANSA A Banda Falamansa, que \u00e9 uma das bandas de forr\u00f3 mais conhecida da atualidade e arrasta multid\u00f5es, apresenta um especial de S\u00e3o Jo\u00e3o\u00a0 em mais de tr\u00eas horas com seus principais sucessos como Xote da Alegria,<\/p>\n","protected":false},"author":1,"featured_media":302,"comment_status":"open","ping_status":"open","sticky":false,"template":"","format":"standard","meta":{"_mi_skip_tracking":false},"categories":[38],"tags":[33,37,36,40,35,24,34,8,39,32,7],"yoast_head":"<!-- This site is optimized with the Yoast SEO plugin v14.2 - https:\/\/yoast.com\/wordpress\/plugins\/seo\/ -->\n<title>Arrai\u00e1 Online: Lives de forr\u00f3 para animar e dan\u00e7ar - Adoro Dan\u00e7ar<\/title>\n<meta name=\"description\" content=\"Veja uma lista de lista de lives forr\u00f3 p\u00e9 de serra que ocorrem no per\u00eddo de isolamento social. \u00d3timas para dan\u00e7ar e que v\u00e3o animar seu arrai\u00e1\" \/>\n<meta name=\"robots\" content=\"index, follow\" \/>\n<meta name=\"googlebot\" content=\"index, follow, max-snippet:-1, max-image-preview:large, max-video-preview:-1\" \/>\n<meta name=\"bingbot\" content=\"index, follow, max-snippet:-1, max-image-preview:large, max-video-preview:-1\" \/>\n<link rel=\"canonical\" href=\"https:\/\/adorodancar.com.br\/blog\/2020\/07\/arraia-online\/\" \/>\n<meta property=\"og:locale\" content=\"pt_BR\" \/>\n<meta property=\"og:type\" content=\"article\" \/>\n<meta property=\"og:title\" content=\"Arrai\u00e1 Online: Lives de forr\u00f3 para animar e dan\u00e7ar - Adoro Dan\u00e7ar\" \/>\n<meta property=\"og:description\" content=\"Veja uma lista de lista de lives forr\u00f3 p\u00e9 de serra que ocorrem no per\u00eddo de isolamento social. \u00d3timas para dan\u00e7ar e que v\u00e3o animar seu arrai\u00e1\" \/>\n<meta property=\"og:url\" content=\"https:\/\/adorodancar.com.br\/blog\/2020\/07\/arraia-online\/\" \/>\n<meta property=\"og:site_name\" content=\"Adoro Dan\u00e7ar\" \/>\n<meta property=\"article:publisher\" content=\"https:\/\/www.facebook.com\/adorodancaradois\" \/>\n<meta property=\"article:published_time\" content=\"2020-07-25T16:23:50+00:00\" \/>\n<meta property=\"article:modified_time\" content=\"2021-05-05T19:46:14+00:00\" \/>\n<meta property=\"og:image\" content=\"https:\/\/adorodancar.com.br\/blog\/wp-content\/uploads\/2020\/07\/fasta-1732297_1280.jpg\" \/>\n\t<meta property=\"og:image:width\" content=\"1280\" \/>\n\t<meta property=\"og:image:height\" content=\"960\" \/>\n<meta name=\"twitter:card\" content=\"summary_large_image\" \/>\n<meta name=\"twitter:creator\" content=\"@adoro_dancar\" \/>\n<meta name=\"twitter:site\" content=\"@adoro_dancar\" \/>\n<script type=\"application\/ld+json\" class=\"yoast-schema-graph\">{\"@context\":\"https:\/\/schema.org\",\"@graph\":[{\"@type\":\"WebSite\",\"@id\":\"https:\/\/adorodancar.com.br\/blog\/#website\",\"url\":\"https:\/\/adorodancar.com.br\/blog\/\",\"name\":\"Adoro Dan\\u00e7ar\",\"description\":\"Site para todos que adoram dan\\u00e7ar\",\"potentialAction\":[{\"@type\":\"SearchAction\",\"target\":\"https:\/\/adorodancar.com.br\/blog\/?s={search_term_string}\",\"query-input\":\"required name=search_term_string\"}],\"inLanguage\":\"pt-BR\"},{\"@type\":\"ImageObject\",\"@id\":\"https:\/\/adorodancar.com.br\/blog\/2020\/07\/arraia-online\/#primaryimage\",\"inLanguage\":\"pt-BR\",\"url\":\"https:\/\/adorodancar.com.br\/blog\/wp-content\/uploads\/2020\/07\/fasta-1732297_1280.jpg\",\"width\":1280,\"height\":960,\"caption\":\"arri\\u00e1-festa-junina\"},{\"@type\":\"WebPage\",\"@id\":\"https:\/\/adorodancar.com.br\/blog\/2020\/07\/arraia-online\/#webpage\",\"url\":\"https:\/\/adorodancar.com.br\/blog\/2020\/07\/arraia-online\/\",\"name\":\"Arrai\\u00e1 Online: Lives de forr\\u00f3 para animar e dan\\u00e7ar - Adoro Dan\\u00e7ar\",\"isPartOf\":{\"@id\":\"https:\/\/adorodancar.com.br\/blog\/#website\"},\"primaryImageOfPage\":{\"@id\":\"https:\/\/adorodancar.com.br\/blog\/2020\/07\/arraia-online\/#primaryimage\"},\"datePublished\":\"2020-07-25T16:23:50+00:00\",\"dateModified\":\"2021-05-05T19:46:14+00:00\",\"author\":{\"@id\":\"https:\/\/adorodancar.com.br\/blog\/#\/schema\/person\/6bbf1c50cac0723f058ee0743485b012\"},\"description\":\"Veja uma lista de lista de lives forr\\u00f3 p\\u00e9 de serra que ocorrem no per\\u00eddo de isolamento social. \\u00d3timas para dan\\u00e7ar e que v\\u00e3o animar seu arrai\\u00e1\",\"inLanguage\":\"pt-BR\",\"potentialAction\":[{\"@type\":\"ReadAction\",\"target\":[\"https:\/\/adorodancar.com.br\/blog\/2020\/07\/arraia-online\/\"]}]},{\"@type\":[\"Person\"],\"@id\":\"https:\/\/adorodancar.com.br\/blog\/#\/schema\/person\/6bbf1c50cac0723f058ee0743485b012\",\"name\":\"adorodan\\u00e7ar\",\"image\":{\"@type\":\"ImageObject\",\"@id\":\"https:\/\/adorodancar.com.br\/blog\/#personlogo\",\"inLanguage\":\"pt-BR\",\"url\":\"https:\/\/secure.gravatar.com\/avatar\/62ee7c1a19d6e6cde267b3b78fe33700?s=96&d=mm&r=g\",\"caption\":\"adorodan\\u00e7ar\"}}]}<\/script>\n<!-- \/ Yoast SEO plugin. -->","_links":{"self":[{"href":"https:\/\/adorodancar.com.br\/blog\/wp-json\/wp\/v2\/posts\/293"}],"collection":[{"href":"https:\/\/adorodancar.com.br\/blog\/wp-json\/wp\/v2\/posts"}],"about":[{"href":"https:\/\/adorodancar.com.br\/blog\/wp-json\/wp\/v2\/types\/post"}],"author":[{"embeddable":true,"href":"https:\/\/adorodancar.com.br\/blog\/wp-json\/wp\/v2\/users\/1"}],"replies":[{"embeddable":true,"href":"https:\/\/adorodancar.com.br\/blog\/wp-json\/wp\/v2\/comments?post=293"}],"version-history":[{"count":4,"href":"https:\/\/adorodancar.com.br\/blog\/wp-json\/wp\/v2\/posts\/293\/revisions"}],"predecessor-version":[{"id":439,"href":"https:\/\/adorodancar.com.br\/blog\/wp-json\/wp\/v2\/posts\/293\/revisions\/439"}],"wp:featuredmedia":[{"embeddable":true,"href":"https:\/\/adorodancar.com.br\/blog\/wp-json\/wp\/v2\/media\/302"}],"wp:attachment":[{"href":"https:\/\/adorodancar.com.br\/blog\/wp-json\/wp\/v2\/media?parent=293"}],"wp:term":[{"taxonomy":"category","embeddable":true,"href":"https:\/\/adorodancar.com.br\/blog\/wp-json\/wp\/v2\/categories?post=293"},{"taxonomy":"post_tag","embeddable":true,"href":"https:\/\/adorodancar.com.br\/blog\/wp-json\/wp\/v2\/tags?post=293"}],"curies":[{"name":"wp","href":"https:\/\/api.w.org\/{rel}","templated":true}]}}