{"id":337,"date":"2020-10-10T15:38:37","date_gmt":"2020-10-10T15:38:37","guid":{"rendered":"https:\/\/adorodancar.com.br\/blog\/?p=337"},"modified":"2021-05-05T19:49:53","modified_gmt":"2021-05-05T19:49:53","slug":"danca-em-programas-de-tv","status":"publish","type":"post","link":"https:\/\/adorodancar.com.br\/blog\/2020\/10\/danca-em-programas-de-tv\/","title":{"rendered":"Dan\u00e7a em Programas de TV"},"content":{"rendered":"<p><img decoding=\"async\" loading=\"lazy\" class=\"size-full wp-image-357\" src=\"https:\/\/adorodancar.com.br\/blog\/wp-content\/uploads\/2020\/10\/Katrin_Lampe_Stefan_Hold_dancer_against_cancer_2010_2.jpg\" alt=\"Dan\u00e7a dos Famosos\" width=\"1688\" height=\"1166\" srcset=\"https:\/\/adorodancar.com.br\/blog\/wp-content\/uploads\/2020\/10\/Katrin_Lampe_Stefan_Hold_dancer_against_cancer_2010_2.jpg 1688w, https:\/\/adorodancar.com.br\/blog\/wp-content\/uploads\/2020\/10\/Katrin_Lampe_Stefan_Hold_dancer_against_cancer_2010_2-300x207.jpg 300w, https:\/\/adorodancar.com.br\/blog\/wp-content\/uploads\/2020\/10\/Katrin_Lampe_Stefan_Hold_dancer_against_cancer_2010_2-1024x707.jpg 1024w, https:\/\/adorodancar.com.br\/blog\/wp-content\/uploads\/2020\/10\/Katrin_Lampe_Stefan_Hold_dancer_against_cancer_2010_2-768x531.jpg 768w, https:\/\/adorodancar.com.br\/blog\/wp-content\/uploads\/2020\/10\/Katrin_Lampe_Stefan_Hold_dancer_against_cancer_2010_2-1536x1061.jpg 1536w\" sizes=\"(max-width: 1688px) 100vw, 1688px\" \/><\/p>\n<h1>Dan\u00e7a em Programas de TV<\/h1>\n<p>Seja pelo conte\u00fado, seja pela repercuss\u00e3o que gera, sem d\u00favida a televis\u00e3o ainda \u00e9 um dos principais meios de comunica\u00e7\u00e3o do nosso pa\u00eds.<b> Informa\u00e7\u00e3o, entretenimento e os assuntos do momento seguem fazendo parte da rotina da TV e da nossa vida.<\/b> A dan\u00e7a tamb\u00e9m se encontra presente neste ambiente seja, principalmente atrav\u00e9s dos programas ou quadros de dan\u00e7a em programas de TV. Neste post, vou falar um pouco sobre os principais quadros de dan\u00e7a em programas de TV brasileira.<\/p>\n<h2>Dan\u00e7a dos Famosos (GLOBO)<\/h2>\n<figure id=\"attachment_351\" aria-describedby=\"caption-attachment-351\" style=\"width: 750px\" class=\"wp-caption aligncenter\"><img decoding=\"async\" loading=\"lazy\" class=\"size-full wp-image-351\" src=\"https:\/\/adorodancar.com.br\/blog\/wp-content\/uploads\/2020\/10\/4fbef540-d694-11ea-9f8f-4e945bfe47f7.jpg\" alt=\"Dan\u00e7a dos Famosos\" width=\"750\" height=\"410\" srcset=\"https:\/\/adorodancar.com.br\/blog\/wp-content\/uploads\/2020\/10\/4fbef540-d694-11ea-9f8f-4e945bfe47f7.jpg 750w, https:\/\/adorodancar.com.br\/blog\/wp-content\/uploads\/2020\/10\/4fbef540-d694-11ea-9f8f-4e945bfe47f7-300x164.jpg 300w\" sizes=\"(max-width: 750px) 100vw, 750px\" \/><figcaption id=\"caption-attachment-351\" class=\"wp-caption-text\">Dan\u00e7a dos Famosos<\/figcaption><\/figure>\n<p>A Dan\u00e7a dos Famosos \u00e9 um quadro do Doming\u00e3o do Faust\u00e3o que faz grande sucesso nos 15 \u00faltimos anos.Tendo sua primeira edi\u00e7\u00e3o estreada no ano de 2005, desde l\u00e1 \u00e9 um dos principais quadros anuais presentes neste programa. A atra\u00e7\u00e3o principal s\u00e3o os artistas da Globo que junto das bailarinas e bailarinos do apresentador, disputam semanalmente um concurso de dan\u00e7a.Sua grande caracter\u00edstica \u00e9 que os artistas que participam da competi\u00e7\u00e3o jamais tiveram contato com a dan\u00e7a antes de serem escalados para o quadro. Contudo, nota-se grande evolu\u00e7\u00e3o dos artistas ao longo das semanas com in\u00edcio das aulas com o especialista.<\/p>\n<p>Neste ano, mesmo com a pandemia, est\u00e1 acontecendo a temporada 17 que est\u00e1 muito animada. No<a href=\"https:\/\/gshow.globo.com\/programas\/domingao-do-faustao\/\"> site do gshow<\/a> ,d\u00e1 para acompanhar as coreografias que rolaram durante o programa para quem n\u00e3o conseguiu acompanhar.<\/p>\n<h2>Me deixa dan\u00e7ar (GNT)<\/h2>\n<p><img decoding=\"async\" loading=\"lazy\" class=\"size-full wp-image-431 aligncenter\" src=\"https:\/\/adorodancar.com.br\/blog\/wp-content\/uploads\/2020\/10\/2020-me-deixa-dancar-background.jpg\" alt=\"me deixa dan\u00e7ar\" width=\"360\" height=\"384\" srcset=\"https:\/\/adorodancar.com.br\/blog\/wp-content\/uploads\/2020\/10\/2020-me-deixa-dancar-background.jpg 360w, https:\/\/adorodancar.com.br\/blog\/wp-content\/uploads\/2020\/10\/2020-me-deixa-dancar-background-281x300.jpg 281w\" sizes=\"(max-width: 360px) 100vw, 360px\" \/><\/p>\n<p>Sob o comando da digital influencer <strong>Lore Improta<\/strong>\u00a0e o core\u00f3grafo\u00a0<strong>Justin Neto<\/strong>, a atra\u00e7\u00e3o estreou a primeira temporada com 13 participantes, de diferentes n\u00edveis e idades, mas que amam dan\u00e7ar num reality show dan\u00e7ante. Em cada epis\u00f3dio, os participantes s\u00e3o pegos de surpresa por um grupo de dan\u00e7a convidado, que apresenta o estilo musical do dia, inspirando os competidores e dando dicas sobre o ritmo.<\/p>\n<p>Os apresentadores separam os participantes em grupos que mudam a cada epis\u00f3dio. Cada participante \u00a0tem que mostrar a sua versatilidade em provas de diferentes g\u00eaneros musicais com jurados que mudam a cada epis\u00f3dio , ficando respons\u00e1vel por avaliar as performances e decidir quem fica na disputa e quem deixa o programa. Para quem n\u00e3o acompanhou a s\u00e9rie no GNT, \u00e9 poss\u00edvel assistir na Globo Play, dispon\u00edvel <a href=\"https:\/\/globoplay.globo.com\/me-deixa-dancar\/t\/r6zwV9BbJ5\/\">neste link<\/a>.<\/p>\n<h2>Dancing Brasil (RECORD)<\/h2>\n<figure id=\"attachment_353\" aria-describedby=\"caption-attachment-353\" style=\"width: 558px\" class=\"wp-caption aligncenter\"><img decoding=\"async\" loading=\"lazy\" class=\"size-full wp-image-353\" src=\"https:\/\/adorodancar.com.br\/blog\/wp-content\/uploads\/2020\/10\/Dancing_Brasil.jpg\" alt=\"Dancing Brasil\" width=\"558\" height=\"405\" srcset=\"https:\/\/adorodancar.com.br\/blog\/wp-content\/uploads\/2020\/10\/Dancing_Brasil.jpg 558w, https:\/\/adorodancar.com.br\/blog\/wp-content\/uploads\/2020\/10\/Dancing_Brasil-300x218.jpg 300w\" sizes=\"(max-width: 558px) 100vw, 558px\" \/><figcaption id=\"caption-attachment-353\" class=\"wp-caption-text\">Dancing Brasil<\/figcaption><\/figure>\n<p>&nbsp;<\/p>\n<p>&nbsp;<\/p>\n<p>O reality show Dancing Brasil da Record \u00e9 uma adapta\u00e7\u00e3o do internacional \u201cDancing With The Stars\u201d? Apesar de n\u00e3o ser um formato novo por aqui, o programa vem conseguindo empolgar cada vez mais pessoas. Sua primeira tempora da estreou em 2017 e desde l\u00e1 j\u00e1 possui 5 temporadas.<\/p>\n<p>O programa de TV se baseia numa competi\u00e7\u00e3o de dan\u00e7a de sal\u00e3o entre famosos e subcelebridades, acompanhados de instrutores e core\u00f3grafos profissionais, julgados por tr\u00eas nomes reconhecidos no meio da dan\u00e7a. A cada semana uma das duplas \u00e9 eliminada com o voto do telespectador via internet onde o objetivo\u00a0 central da atra\u00e7\u00e3o \u00e9 surpreender os jurados com o ritmo de dan\u00e7a escolhido, tentando ao m\u00e1ximo se manter na competi\u00e7\u00e3o. O formato \u00e9 interessante e \u00e9 campe\u00e3o de audi\u00eancia no mundo todo.<\/p>\n<p>Neste ano, devido ao problema da pandemia do corona v\u00edrus, n\u00e3o ocorreu a sexta temporada, mas esta j\u00e1 est\u00e1 confirmada tendo como principal modifica\u00e7\u00e3o a substitui\u00e7\u00e3o da apresentadora do programa que deixar\u00e1 de ser a Xuxa meneghel e passar\u00e1 ser a Sabrina Sato.<\/p>\n<p>Enquanto n\u00e3o sa\u00ed a nova temporada, \u00e9 poss\u00edvel rever as apresenta\u00e7\u00f5es das \u00faltimas cinco temporadas atrav\u00e9s da plataforma <a href=\"http:\/\/www.playplus.com\">PlayPlus<\/a>. Tamb\u00e9m \u00e9 poss\u00edvel achar diversas apresenta\u00e7\u00f5es do Dancing Brasil em v\u00eddeos do Youtube.<\/p>\n<h2>Em dan\u00e7a (TV BRASIL)<\/h2>\n<figure id=\"attachment_271\" aria-describedby=\"caption-attachment-271\" style=\"width: 918px\" class=\"wp-caption aligncenter\"><img decoding=\"async\" loading=\"lazy\" class=\" wp-image-271\" src=\"https:\/\/adorodancar.com.br\/blog\/wp-content\/uploads\/2019\/11\/programa-em-danca.png\" alt=\"Capa programa em dan\u00e7a\" width=\"918\" height=\"490\" srcset=\"https:\/\/adorodancar.com.br\/blog\/wp-content\/uploads\/2019\/11\/programa-em-danca.png 1281w, https:\/\/adorodancar.com.br\/blog\/wp-content\/uploads\/2019\/11\/programa-em-danca-300x160.png 300w, https:\/\/adorodancar.com.br\/blog\/wp-content\/uploads\/2019\/11\/programa-em-danca-1024x547.png 1024w, https:\/\/adorodancar.com.br\/blog\/wp-content\/uploads\/2019\/11\/programa-em-danca-768x410.png 768w\" sizes=\"(max-width: 918px) 100vw, 918px\" \/><figcaption id=\"caption-attachment-271\" class=\"wp-caption-text\">\u00a0 \u00a0 \u00a0 \u00a0 \u00a0 \u00a0 \u00a0 \u00a0 \u00a0 \u00a0 \u00a0 \u00a0 \u00a0 \u00a0 \u00a0 \u00a0 \u00a0 \u00a0 \u00a0 \u00a0 \u00a0 \u00a0 \u00a0 \u00a0 \u00a0 \u00a0 \u00a0 \u00a0 \u00a0 \u00a0 \u00a0 \u00a0 \u00a0 \u00a0 \u00a0 \u00a0 \u00a0 \u00a0 \u00a0 \u00a0 \u00a0 \u00a0 \u00a0 \u00a0 \u00a0 \u00a0 \u00a0 \u00a0 Programa da TVBrasil sobre dan\u00e7a de sal\u00e3o<\/figcaption><\/figure>\n<p><a href=\"https:\/\/adorodancar.com.br\/blog\/2019\/11\/principais-ritmos-da-danca\/\">Neste post<\/a> , mostrei um pouco do programa &#8220;Em Dan\u00e7a&#8221;. Este programa \u00e9 um document\u00e1rio divido em 13 epis\u00f3dios que revela o que rola dentro do universo da dan\u00e7a de sal\u00e3o e mostra como ela pode ser acess\u00edvel para todos os p\u00fablicos. Onde em cada epis\u00f3dio dos treze, a jornalista Priscila Rangel entrevista um especialista do ritmo escolhido, mostrando as principais caracter\u00edsticas do estilo de dan\u00e7a. Os ritmos apresentados s\u00e3o : <strong>Samba de Gafieira<\/strong>, <strong>Zouk ,\u00a0 Forr\u00f3 , Bolero , Soltinho , West Coast , Salsa , Sertanejo , Tango , Kizomba e Bachata.\u00a0<\/strong><\/p>\n<p>O programa j\u00e1 n\u00e3o est\u00e1 no ar, mas \u00e9 poss\u00edvel assistir a cada epis\u00f3dio pelo site oficial (<a href=\"https:\/\/tvbrasil.ebc.com.br\/emdanca\">dispon\u00edvel aqui<\/a>)\u00a0 ou pelo canal do Youtube TVBrasil ( <a href=\"https:\/\/www.youtube.com\/channel\/UCSv9d0kQegylHWpP83jWSQg\">dispon\u00edvel aqui<\/a> )<\/p>\n<p>Ent\u00e3o, a TV ainda pode ser considerada uma fonte de entretenimento e informa\u00e7\u00e3o para quem gosta de dan\u00e7a atrav\u00e9s de programas de competi\u00e7\u00e3o de dan\u00e7a ou programas para conhecermos mais sobre os estilos de dan\u00e7a. E quanto a voc\u00eas?J\u00e1 assistiram a estes programas ou quadros de dan\u00e7a em programas de TV? Quais curtiram mais?<\/p>\n<p><iframe class=\"iframe-ads-posts\" src=\"https:\/\/adorodancar.com.br\/blog\/ads_courses_content.php\"><\/iframe><\/p>\n","protected":false},"excerpt":{"rendered":"<p>Dan\u00e7a em Programas de TV Seja pelo conte\u00fado, seja pela repercuss\u00e3o que gera, sem d\u00favida a televis\u00e3o ainda \u00e9 um dos principais meios de comunica\u00e7\u00e3o do nosso pa\u00eds. Informa\u00e7\u00e3o, entretenimento e os assuntos do momento seguem fazendo parte da rotina da TV e da nossa vida. A dan\u00e7a tamb\u00e9m se encontra presente neste ambiente seja, principalmente atrav\u00e9s dos programas ou quadros de dan\u00e7a em programas de TV. Neste post, vou falar um pouco sobre os principais quadros de dan\u00e7a em programas de TV brasileira. Dan\u00e7a dos Famosos (GLOBO) A Dan\u00e7a dos Famosos \u00e9 um quadro do Doming\u00e3o do Faust\u00e3o que faz grande sucesso nos 15 \u00faltimos anos.Tendo sua primeira edi\u00e7\u00e3o estreada no ano de 2005, desde l\u00e1 \u00e9 um dos principais quadros anuais presentes neste programa. A atra\u00e7\u00e3o principal s\u00e3o os artistas da Globo que junto das bailarinas e bailarinos do apresentador, disputam semanalmente um concurso de dan\u00e7a.Sua grande caracter\u00edstica<\/p>\n","protected":false},"author":1,"featured_media":357,"comment_status":"open","ping_status":"open","sticky":false,"template":"","format":"standard","meta":{"_mi_skip_tracking":false},"categories":[64,63],"tags":[53,65,66,67],"yoast_head":"<!-- This site is optimized with the Yoast SEO plugin v14.2 - https:\/\/yoast.com\/wordpress\/plugins\/seo\/ -->\n<title>Dan\u00e7a em Programas de TV - Adoro Dan\u00e7ar<\/title>\n<meta name=\"description\" content=\"\u00d3timas op\u00e7\u00f5es na TV brasileira para se divirtir com coreografias e informa\u00e7\u00f5es de dan\u00e7a em quadros de dan\u00e7a em programas de tv.\" \/>\n<meta name=\"robots\" content=\"index, follow\" \/>\n<meta name=\"googlebot\" content=\"index, follow, max-snippet:-1, max-image-preview:large, max-video-preview:-1\" \/>\n<meta name=\"bingbot\" content=\"index, follow, max-snippet:-1, max-image-preview:large, max-video-preview:-1\" \/>\n<link rel=\"canonical\" href=\"https:\/\/adorodancar.com.br\/blog\/2020\/10\/danca-em-programas-de-tv\/\" \/>\n<meta property=\"og:locale\" content=\"pt_BR\" \/>\n<meta property=\"og:type\" content=\"article\" \/>\n<meta property=\"og:title\" content=\"Dan\u00e7a em Programas de TV - Adoro Dan\u00e7ar\" \/>\n<meta property=\"og:description\" content=\"\u00d3timas op\u00e7\u00f5es na TV brasileira para se divirtir com coreografias e informa\u00e7\u00f5es de dan\u00e7a em quadros de dan\u00e7a em programas de tv.\" \/>\n<meta property=\"og:url\" content=\"https:\/\/adorodancar.com.br\/blog\/2020\/10\/danca-em-programas-de-tv\/\" \/>\n<meta property=\"og:site_name\" content=\"Adoro Dan\u00e7ar\" \/>\n<meta property=\"article:publisher\" content=\"https:\/\/www.facebook.com\/adorodancaradois\" \/>\n<meta property=\"article:published_time\" content=\"2020-10-10T15:38:37+00:00\" \/>\n<meta property=\"article:modified_time\" content=\"2021-05-05T19:49:53+00:00\" \/>\n<meta property=\"og:image\" content=\"https:\/\/adorodancar.com.br\/blog\/wp-content\/uploads\/2020\/10\/Katrin_Lampe_Stefan_Hold_dancer_against_cancer_2010_2.jpg\" \/>\n\t<meta property=\"og:image:width\" content=\"1688\" \/>\n\t<meta property=\"og:image:height\" content=\"1166\" \/>\n<meta name=\"twitter:card\" content=\"summary_large_image\" \/>\n<meta name=\"twitter:creator\" content=\"@adoro_dancar\" \/>\n<meta name=\"twitter:site\" content=\"@adoro_dancar\" \/>\n<script type=\"application\/ld+json\" class=\"yoast-schema-graph\">{\"@context\":\"https:\/\/schema.org\",\"@graph\":[{\"@type\":\"WebSite\",\"@id\":\"https:\/\/adorodancar.com.br\/blog\/#website\",\"url\":\"https:\/\/adorodancar.com.br\/blog\/\",\"name\":\"Adoro Dan\\u00e7ar\",\"description\":\"Site para todos que adoram dan\\u00e7ar\",\"potentialAction\":[{\"@type\":\"SearchAction\",\"target\":\"https:\/\/adorodancar.com.br\/blog\/?s={search_term_string}\",\"query-input\":\"required name=search_term_string\"}],\"inLanguage\":\"pt-BR\"},{\"@type\":\"ImageObject\",\"@id\":\"https:\/\/adorodancar.com.br\/blog\/2020\/10\/danca-em-programas-de-tv\/#primaryimage\",\"inLanguage\":\"pt-BR\",\"url\":\"https:\/\/adorodancar.com.br\/blog\/wp-content\/uploads\/2020\/10\/Katrin_Lampe_Stefan_Hold_dancer_against_cancer_2010_2.jpg\",\"width\":1688,\"height\":1166,\"caption\":\"Dan\\u00e7a dos Famosos\"},{\"@type\":\"WebPage\",\"@id\":\"https:\/\/adorodancar.com.br\/blog\/2020\/10\/danca-em-programas-de-tv\/#webpage\",\"url\":\"https:\/\/adorodancar.com.br\/blog\/2020\/10\/danca-em-programas-de-tv\/\",\"name\":\"Dan\\u00e7a em Programas de TV - Adoro Dan\\u00e7ar\",\"isPartOf\":{\"@id\":\"https:\/\/adorodancar.com.br\/blog\/#website\"},\"primaryImageOfPage\":{\"@id\":\"https:\/\/adorodancar.com.br\/blog\/2020\/10\/danca-em-programas-de-tv\/#primaryimage\"},\"datePublished\":\"2020-10-10T15:38:37+00:00\",\"dateModified\":\"2021-05-05T19:49:53+00:00\",\"author\":{\"@id\":\"https:\/\/adorodancar.com.br\/blog\/#\/schema\/person\/6bbf1c50cac0723f058ee0743485b012\"},\"description\":\"\\u00d3timas op\\u00e7\\u00f5es na TV brasileira para se divirtir com coreografias e informa\\u00e7\\u00f5es de dan\\u00e7a em quadros de dan\\u00e7a em programas de tv.\",\"inLanguage\":\"pt-BR\",\"potentialAction\":[{\"@type\":\"ReadAction\",\"target\":[\"https:\/\/adorodancar.com.br\/blog\/2020\/10\/danca-em-programas-de-tv\/\"]}]},{\"@type\":[\"Person\"],\"@id\":\"https:\/\/adorodancar.com.br\/blog\/#\/schema\/person\/6bbf1c50cac0723f058ee0743485b012\",\"name\":\"adorodan\\u00e7ar\",\"image\":{\"@type\":\"ImageObject\",\"@id\":\"https:\/\/adorodancar.com.br\/blog\/#personlogo\",\"inLanguage\":\"pt-BR\",\"url\":\"https:\/\/secure.gravatar.com\/avatar\/62ee7c1a19d6e6cde267b3b78fe33700?s=96&d=mm&r=g\",\"caption\":\"adorodan\\u00e7ar\"}}]}<\/script>\n<!-- \/ Yoast SEO plugin. -->","_links":{"self":[{"href":"https:\/\/adorodancar.com.br\/blog\/wp-json\/wp\/v2\/posts\/337"}],"collection":[{"href":"https:\/\/adorodancar.com.br\/blog\/wp-json\/wp\/v2\/posts"}],"about":[{"href":"https:\/\/adorodancar.com.br\/blog\/wp-json\/wp\/v2\/types\/post"}],"author":[{"embeddable":true,"href":"https:\/\/adorodancar.com.br\/blog\/wp-json\/wp\/v2\/users\/1"}],"replies":[{"embeddable":true,"href":"https:\/\/adorodancar.com.br\/blog\/wp-json\/wp\/v2\/comments?post=337"}],"version-history":[{"count":9,"href":"https:\/\/adorodancar.com.br\/blog\/wp-json\/wp\/v2\/posts\/337\/revisions"}],"predecessor-version":[{"id":444,"href":"https:\/\/adorodancar.com.br\/blog\/wp-json\/wp\/v2\/posts\/337\/revisions\/444"}],"wp:featuredmedia":[{"embeddable":true,"href":"https:\/\/adorodancar.com.br\/blog\/wp-json\/wp\/v2\/media\/357"}],"wp:attachment":[{"href":"https:\/\/adorodancar.com.br\/blog\/wp-json\/wp\/v2\/media?parent=337"}],"wp:term":[{"taxonomy":"category","embeddable":true,"href":"https:\/\/adorodancar.com.br\/blog\/wp-json\/wp\/v2\/categories?post=337"},{"taxonomy":"post_tag","embeddable":true,"href":"https:\/\/adorodancar.com.br\/blog\/wp-json\/wp\/v2\/tags?post=337"}],"curies":[{"name":"wp","href":"https:\/\/api.w.org\/{rel}","templated":true}]}}