{"id":452,"date":"2021-05-27T20:09:13","date_gmt":"2021-05-27T20:09:13","guid":{"rendered":"https:\/\/adorodancar.com.br\/blog\/?p=452"},"modified":"2021-05-27T20:09:13","modified_gmt":"2021-05-27T20:09:13","slug":"proximas-lives-de-artistas-famosos-nas-redes-sociais","status":"publish","type":"post","link":"https:\/\/adorodancar.com.br\/blog\/2021\/05\/proximas-lives-de-artistas-famosos-nas-redes-sociais\/","title":{"rendered":"Pr\u00f3ximas Lives de artistas famosos nas redes sociais"},"content":{"rendered":"<p>As lives de artistas famosos , nas redes sociais, ganharam o Brasil desde o in\u00edcio da pandemia. Popularizadas , principalmente pela plataforma <a href=\"https:\/\/www.youtube.com\/\">Youtube<\/a>, as\u00a0<strong data-reader-unique-id=\"7\">lives\u00a0<\/strong>serviram para retomar um pouco da intera\u00e7\u00e3o do artista com seu p\u00fablico, al\u00e9m de estimular a perman\u00eancia das pessoas em suas casas. Com o prolongamento do isolamento social e o aumento de pessoas contaminadas com a Covid-19, cada vez mais artistas se envolveram nesta nova forma de apresentar o seu trabalho. Por isso, as lives musicais vem se tornando uma forma bastante popular de entretenimento praticada pelos brasileiros. Para dar uma animada ( cantar, dan\u00e7ar, interagir com outras pessoas) neste momento de aus\u00eancia de shows , compartilho uma lista das pr\u00f3ximas lives de artistas fazendo muito sucesso e que estar\u00e3o dispon\u00edveis no Youtube.<\/p>\n<h2><span class=\"td-sml-current-item-title\"><strong>OS BAR\u00d5ES DA PISADINHA<\/strong> (29\/05\/2021)<\/span><\/h2>\n<p><img decoding=\"async\" loading=\"lazy\" class=\"aligncenter wp-image-456\" src=\"https:\/\/adorodancar.com.br\/blog\/wp-content\/uploads\/2021\/05\/baroes-da-pisadinha.png\" alt=\"Pr\u00f3ximas Lives: bar\u00f5es da pisadinha\" width=\"786\" height=\"240\" srcset=\"https:\/\/adorodancar.com.br\/blog\/wp-content\/uploads\/2021\/05\/baroes-da-pisadinha.png 560w, https:\/\/adorodancar.com.br\/blog\/wp-content\/uploads\/2021\/05\/baroes-da-pisadinha-300x92.png 300w\" sizes=\"(max-width: 786px) 100vw, 786px\" \/><\/p>\n<p>Rodrigo Ara\u00fajo e Felipe Santana, conhecidos nacionalmente como Os Bar\u00f5es da Pisadinha, formaram uma banda que conquistou o pa\u00eds e os capixabas. Em tempos de pandemia, quando os eventos presenciais est\u00e3o suspensos, o grupo vai apresentar uma live de no dia 29 de maio, \u00e0s 17 horas, diretamente do seu canal do <a href=\"https:\/\/www.youtube.com\/c\/OsBaroesdaPisadinha\/featured\">Youtube<\/a> e contar\u00e1 com <a href=\"https:\/\/www.youtube.com\/c\/leosantana\/featured\">L\u00e9o Santana<\/a> como convidado. Para os f\u00e3s do forr\u00f3 eletr\u00f4nico a live pode ser uma pedida e deve contar com os sucessos &#8220;Basta Voc\u00ea Me Ligar&#8221; e &#8220;T\u00e1 Rocheda&#8221; que se tornaram\u00a0as m\u00fasicas mais tocadas no pa\u00eds, dominando as paradas em diversas regi\u00f5es<\/p>\n<p>Live estar\u00e1 dispon\u00edvel \u00e0s 17 horas no link: <a href=\"https:\/\/www.youtube.com\/c\/OsBaroesdaPisadinha\/featured\">https:\/\/www.youtube.com\/c\/OsBaroesdaPisadinha\/featured<\/a><\/p>\n<h2><strong>JORGE &amp; MATEUS + LEONARDO + BRUNO &amp; MARRONE + MAR\u00cdLIA MENDON\u00c7A (29\/05\/2021)<\/strong><\/h2>\n<p><img decoding=\"async\" loading=\"lazy\" class=\"aligncenter wp-image-457 size-full\" src=\"https:\/\/adorodancar.com.br\/blog\/wp-content\/uploads\/2021\/05\/channels4_banner_leonardo.jpg\" alt=\"Pr\u00f3ximas Lives: live cacha\u00e7a cabar\u00e9\" width=\"1060\" height=\"175\" srcset=\"https:\/\/adorodancar.com.br\/blog\/wp-content\/uploads\/2021\/05\/channels4_banner_leonardo.jpg 1060w, https:\/\/adorodancar.com.br\/blog\/wp-content\/uploads\/2021\/05\/channels4_banner_leonardo-300x50.jpg 300w, https:\/\/adorodancar.com.br\/blog\/wp-content\/uploads\/2021\/05\/channels4_banner_leonardo-1024x169.jpg 1024w, https:\/\/adorodancar.com.br\/blog\/wp-content\/uploads\/2021\/05\/channels4_banner_leonardo-768x127.jpg 768w\" sizes=\"(max-width: 1060px) 100vw, 1060px\" \/><\/p>\n<p>No dia 29 de maio, acontece outra grande live que \u00e9 mais voltada para o p\u00fablico amante do g\u00eanero sertanejo. Em sua quarta vers\u00e3o, a Live Cacha\u00e7a Cabar\u00e9 reunir\u00e1 Leonardo, Jorge e Mateus e Bruno e Marrone num show ao vivo transmitido <a href=\"https:\/\/www.youtube.com\/c\/LeonardoCantor\/featured\">no canal oficial do cantor Leonardo<\/a>\u00a0 , \u00e0s 20 horas. A\u00a0 apresenta\u00e7\u00e3o contar\u00e1 com a participa\u00e7\u00e3o especial da famosa cantora Mar\u00edlia Mendon\u00e7a. Esta live promete abordar praticamente todas as vertentes do g\u00eanero sertanejo , sendo divers\u00e3o certa para quem curte o g\u00eanero. Este formato de live tem feito muito sucesso no Youtube e tudo nos leva crer que poder\u00e3o diversas pr\u00f3ximas lives Cacha\u00e7a Cabar\u00e9 com muito sertanejo.<\/p>\n<p>Live Cacha\u00e7a Cabar\u00e9 4 estar\u00e1 dispon\u00edvel \u00e0s 20 horas neste link: <em><a href=\"https:\/\/www.youtube.com\/c\/LeonardoCantor\/featured\">https:\/\/www.youtube.com\/c\/LeonardoCantor\/featured<\/a><\/em><\/p>\n<h2><b>FESTIVAL #ZIRIGUIDUMEMCASA (29\/05\/2021)<\/b><\/h2>\n<p><img decoding=\"async\" loading=\"lazy\" class=\"aligncenter wp-image-458\" src=\"https:\/\/adorodancar.com.br\/blog\/wp-content\/uploads\/2021\/05\/ziriguidum_em_casa.jpg\" alt=\"Pr\u00f3ximas Lives: live ziriguidum em casa\" width=\"596\" height=\"294\" srcset=\"https:\/\/adorodancar.com.br\/blog\/wp-content\/uploads\/2021\/05\/ziriguidum_em_casa.jpg 1000w, https:\/\/adorodancar.com.br\/blog\/wp-content\/uploads\/2021\/05\/ziriguidum_em_casa-300x148.jpg 300w, https:\/\/adorodancar.com.br\/blog\/wp-content\/uploads\/2021\/05\/ziriguidum_em_casa-768x379.jpg 768w\" sizes=\"(max-width: 596px) 100vw, 596px\" \/><\/p>\n<p>A 21\u00aa edi\u00e7\u00e3o do Festival #ZiriguidumEmCasa festeja o anivers\u00e1rio de Beth Carvalho, que teria completado 75 anos no \u00faltimo dia 5 de maio. O festival vai ao ar nesse s\u00e1bado, 29 de maio, \u00e0s 20h no canal de Ziriguidum no Youtube numa live que deve agradar amantes do samba e MPB. \u00c9 um canal com conte\u00fado extenso de lives, se inscreva no canal caso queira acompanhar as pr\u00f3ximas lives.<\/p>\n<p>Como de costume, diversos artistas devem participar com Claudio Lins abrindo a noite, dessa vez em um dueto com seu pai, o cantor e compositor Ivan Lins. A festa para a Madrinha do Samba segue com Arranco de Vars\u00f3via, Val\u00e9ria Oliveira, Nilze Carvalho, Leo Russo, Jo\u00e3o Pinheiro, Roberta Spindel, Gabi Doti, Jo\u00e3o Pinheiro, Eduarda Fadini, Enzo Belmonte, Alana Moraes, Dayse do Banjo e a sobrinha de Beth, Lu Carvalho ao lado de Carlinhos Sete Cordas.<\/p>\n<p>Live estar\u00e1 dispon\u00edvel \u00e0s 20 horas no link: <a href=\"https:\/\/www.youtube.com\/user\/tvziriguidum\">https:\/\/www.youtube.com\/user\/tvziriguidum<\/a><\/p>\n<h2 class=\"LC20lb DKV0Md\">Elba Ramalho na Campanha Salve : &#8220;Unidos contra a fome&#8221;<b> (29\/05\/2021)<\/b><\/h2>\n<p><img decoding=\"async\" loading=\"lazy\" class=\"aligncenter wp-image-461\" src=\"https:\/\/adorodancar.com.br\/blog\/wp-content\/uploads\/2021\/05\/elbaramalho_0.jpg\" alt=\"Pr\u00f3ximas Lives: live elba ramalho\" width=\"421\" height=\"421\" srcset=\"https:\/\/adorodancar.com.br\/blog\/wp-content\/uploads\/2021\/05\/elbaramalho_0.jpg 1080w, https:\/\/adorodancar.com.br\/blog\/wp-content\/uploads\/2021\/05\/elbaramalho_0-300x300.jpg 300w, https:\/\/adorodancar.com.br\/blog\/wp-content\/uploads\/2021\/05\/elbaramalho_0-1024x1024.jpg 1024w, https:\/\/adorodancar.com.br\/blog\/wp-content\/uploads\/2021\/05\/elbaramalho_0-150x150.jpg 150w, https:\/\/adorodancar.com.br\/blog\/wp-content\/uploads\/2021\/05\/elbaramalho_0-768x768.jpg 768w\" sizes=\"(max-width: 421px) 100vw, 421px\" \/><\/p>\n<p>Mais uma live para curtir ,neste s\u00e1bado recheado de atra\u00e7\u00f5es, \u00e9 a live da famosa cantora<a href=\"https:\/\/pt.wikipedia.org\/wiki\/Elba_Ramalho\"> Elba Ramalho<\/a>. Esta live \u00e9 para quem curte aquele forr\u00f3 gostoso e vai ao ar \u00e0s 20 horas no <a href=\"https:\/\/www.youtube.com\/c\/SescemMinasGerais\/featured\">canal do YouTube do Sesc em Minas<\/a> nesse s\u00e1bado. \u00c9 uma live solid\u00e1ria de Elba Ramalho para a campanha #SalveUnidosContraAFome. Pegue seu par e comece a dan\u00e7ar.<\/p>\n<p>Live estar\u00e1 dispon\u00edvel \u00e0s 20 horas no link: <a href=\"https:\/\/www.youtube.com\/c\/SescemMinasGerais\/featured\">https:\/\/www.youtube.com\/c\/SescemMinasGerais\/featured<\/a><\/p>\n<h2><b>BELL MARQUES ( 05\/06\/2021)<\/b><\/h2>\n<p><img decoding=\"async\" loading=\"lazy\" class=\"aligncenter wp-image-455\" src=\"https:\/\/adorodancar.com.br\/blog\/wp-content\/uploads\/2021\/05\/channels_bellmarques_banner.jpg\" alt=\"bell marques\" width=\"1096\" height=\"181\" srcset=\"https:\/\/adorodancar.com.br\/blog\/wp-content\/uploads\/2021\/05\/channels_bellmarques_banner.jpg 1060w, https:\/\/adorodancar.com.br\/blog\/wp-content\/uploads\/2021\/05\/channels_bellmarques_banner-300x50.jpg 300w, https:\/\/adorodancar.com.br\/blog\/wp-content\/uploads\/2021\/05\/channels_bellmarques_banner-1024x169.jpg 1024w, https:\/\/adorodancar.com.br\/blog\/wp-content\/uploads\/2021\/05\/channels_bellmarques_banner-768x127.jpg 768w\" sizes=\"(max-width: 1096px) 100vw, 1096px\" \/><\/p>\n<p><strong>Bell Marques<\/strong> ficou conhecido quando tornou-se vocalista do famoso grupo de ax\u00e9 do Brasil <a href=\"https:\/\/www.vagalume.com.br\/chiclete-com-banana\/\">Chiclete com Banana<\/a>. Desde 2013 se separou do grupo e iniciou carreira solo com diversos sucessos. \u00c9 outro artista que vem fazer lives no youtube. Sua pr\u00f3xima live est\u00e1 marcada para o dia 05\/06\/2021 \u00e0s 20 horas, em seu <a href=\"https:\/\/www.youtube.com\/c\/BellMarquesOficial\">canal oficial do youtube<\/a> , com a participa\u00e7\u00e3o especial da dupla sertaneja <strong><a href=\"https:\/\/www.youtube.com\/channel\/UCEseiqihkEymhN3AhcxBPxw\">Israel &amp; Rodolffo<\/a>.<\/strong> Promete ser uma live bem animada e com bastante diversidade de ritmos.<\/p>\n<p>Live estar\u00e1 dispon\u00edvel \u00e0s 20 horas no link: <a href=\"https:\/\/www.youtube.com\/c\/BellMarquesOficial\">https:\/\/www.youtube.com\/c\/BellMarquesOficial<\/a><\/p>\n<h2><strong>Live do Dia dos Namorados (12\/06\/2021)<\/strong><\/h2>\n<p><img decoding=\"async\" loading=\"lazy\" class=\"aligncenter wp-image-460 size-full\" src=\"https:\/\/adorodancar.com.br\/blog\/wp-content\/uploads\/2021\/05\/live_dias_namorados.png\" alt=\"live dos namorados\" width=\"596\" height=\"334\" srcset=\"https:\/\/adorodancar.com.br\/blog\/wp-content\/uploads\/2021\/05\/live_dias_namorados.png 596w, https:\/\/adorodancar.com.br\/blog\/wp-content\/uploads\/2021\/05\/live_dias_namorados-300x168.png 300w\" sizes=\"(max-width: 596px) 100vw, 596px\" \/><\/p>\n<p>A cantora Maiara (<strong>da dupla Maiara e Maraisa) <\/strong>e o cantor Fernando Zor <strong>(da dupla Fernando e Sorocaba)<\/strong> far\u00e3o dueto para celebrar o dia dos namorados no pr\u00f3ximo dia 12 de junho. O show online <strong>&#8220;Live do Dia dos Namorados&#8221;\u00a0<\/strong>est\u00e1 marcado para \u00e0s 20h, no canal da dupla <a href=\"https:\/\/www.youtube.com\/c\/maiaramaraisaoficial\/featured\">Maiara e Maraisa no YouTube<\/a>. Promessa de muitas m\u00fasicas rom\u00e2nticas para se emocionar nesta live.<\/p>\n<p>Live estar\u00e1 dispon\u00edvel \u00e0s 20 horas no link: <a href=\"https:\/\/www.youtube.com\/c\/maiaramaraisaoficial\/featured\">https:\/\/www.youtube.com\/c\/maiaramaraisaoficial\/featured<\/a><\/p>\n<h2><strong>WESLEY SAFAD\u00c3O ( 19\/06\/2021)<\/strong><\/h2>\n<p><img decoding=\"async\" loading=\"lazy\" class=\"aligncenter wp-image-464\" src=\"https:\/\/adorodancar.com.br\/blog\/wp-content\/uploads\/2021\/05\/arraia_do_safadao-1-1024x576.jpg\" alt=\"Pr\u00f3ximas Lives: arrai\u00e1 do safad\u00e3o\" width=\"627\" height=\"353\" srcset=\"https:\/\/adorodancar.com.br\/blog\/wp-content\/uploads\/2021\/05\/arraia_do_safadao-1-1024x576.jpg 1024w, https:\/\/adorodancar.com.br\/blog\/wp-content\/uploads\/2021\/05\/arraia_do_safadao-1-300x169.jpg 300w, https:\/\/adorodancar.com.br\/blog\/wp-content\/uploads\/2021\/05\/arraia_do_safadao-1-768x432.jpg 768w, https:\/\/adorodancar.com.br\/blog\/wp-content\/uploads\/2021\/05\/arraia_do_safadao-1.jpg 1280w\" sizes=\"(max-width: 627px) 100vw, 627px\" \/><\/p>\n<p>No dia 19 de junho, o cantor Wesley Safad\u00e3o transmite a live Arrai\u00e1 do Safad\u00e3o que ainda n\u00e3o hor\u00e1rio tem um hor\u00e1rio confirmado. A apresenta\u00e7\u00e3o ter\u00e1 diversos convidados e ser\u00e1 transmitida pelo <a href=\"https:\/\/www.youtube.com\/user\/bandagarotasafada\/videos\" target=\"_blank\" rel=\"noopener noreferrer\">canal do YouTube do artista<\/a>.\u00a0 A live deve contar com diversos sucessos da carreira do cantor e com diversos cl\u00e1ssicos de festas juninas. Assim, pode-se esperar \u201cDespedida\u201d, \u201cDois Lados\u201d, S\u00f3 Pra Castigar\u201d e \u201cNa Cama Que Eu Paguei\u201d. Al\u00e9m disso, cl\u00e1ssicos do forr\u00f3\u00a0 como \u201cAsa Branca\u201d, \u201cXote das Meninas\u201d e \u201cFesta do Interior\u201d devem marcar presen\u00e7a. O evento promete trazer diversas vertentes do forr\u00f3, prato cheio para quem curte o g\u00eanero.<\/p>\n<p>Live estar\u00e1 dispon\u00edvel no link: <strong><a href=\"http:\/\/youtube.com\/wesleysafadao\">youtube.com\/wesleysafadao<\/a><\/strong><\/p>\n<p>&nbsp;<\/p>\n<p>Para quem n\u00e3o quer esperar pelas pr\u00f3ximas lives e j\u00e1 deseja conferir e curtir lives que foram transmitidas e est\u00e3o salvas no Youtube, criei esta <a href=\"https:\/\/adorodancar.com.br\/blog\/lives\/\">p\u00e1gina<\/a> listando lives de diversos artistas famosos da atualidade. Procure por seus artistas preferidos, cante e dance nestas lives de muito sucesso.<\/p>\n<p>&nbsp;<\/p>\n","protected":false},"excerpt":{"rendered":"<p>As lives de artistas famosos , nas redes sociais, ganharam o Brasil desde o in\u00edcio da pandemia. Popularizadas , principalmente pela plataforma Youtube, as\u00a0lives\u00a0serviram para retomar um pouco da intera\u00e7\u00e3o do artista com seu p\u00fablico, al\u00e9m de estimular a perman\u00eancia das pessoas em suas casas. Com o prolongamento do isolamento social e o aumento de pessoas contaminadas com a Covid-19, cada vez mais artistas se envolveram nesta nova forma de apresentar o seu trabalho. Por isso, as lives musicais vem se tornando uma forma bastante popular de entretenimento praticada pelos brasileiros. Para dar uma animada ( cantar, dan\u00e7ar, interagir com outras pessoas) neste momento de aus\u00eancia de shows , compartilho uma lista das pr\u00f3ximas lives de artistas fazendo muito sucesso e que estar\u00e3o dispon\u00edveis no Youtube. OS BAR\u00d5ES DA PISADINHA (29\/05\/2021) Rodrigo Ara\u00fajo e Felipe Santana, conhecidos nacionalmente como Os Bar\u00f5es da Pisadinha, formaram uma banda que conquistou o pa\u00eds<\/p>\n","protected":false},"author":1,"featured_media":453,"comment_status":"open","ping_status":"open","sticky":false,"template":"","format":"standard","meta":{"_mi_skip_tracking":false},"categories":[64,38,102],"tags":[],"yoast_head":"<!-- This site is optimized with the Yoast SEO plugin v14.2 - https:\/\/yoast.com\/wordpress\/plugins\/seo\/ -->\n<title>Pr\u00f3ximas Lives de artistas famosos nas redes sociais - Adoro Dan\u00e7ar<\/title>\n<meta name=\"description\" content=\"Veja neste artigo as pr\u00f3ximas lives musicais de artistas famosos programadas para rolar nas redes sociais para se animar e dan\u00e7ar.\" \/>\n<meta name=\"robots\" content=\"index, follow\" \/>\n<meta name=\"googlebot\" content=\"index, follow, max-snippet:-1, max-image-preview:large, max-video-preview:-1\" \/>\n<meta name=\"bingbot\" content=\"index, follow, max-snippet:-1, max-image-preview:large, max-video-preview:-1\" \/>\n<link rel=\"canonical\" href=\"https:\/\/adorodancar.com.br\/blog\/2021\/05\/proximas-lives-de-artistas-famosos-nas-redes-sociais\/\" \/>\n<meta property=\"og:locale\" content=\"pt_BR\" \/>\n<meta property=\"og:type\" content=\"article\" \/>\n<meta property=\"og:title\" content=\"Pr\u00f3ximas Lives de artistas famosos nas redes sociais - Adoro Dan\u00e7ar\" \/>\n<meta property=\"og:description\" content=\"Veja neste artigo as pr\u00f3ximas lives musicais de artistas famosos programadas para rolar nas redes sociais para se animar e dan\u00e7ar.\" \/>\n<meta property=\"og:url\" content=\"https:\/\/adorodancar.com.br\/blog\/2021\/05\/proximas-lives-de-artistas-famosos-nas-redes-sociais\/\" \/>\n<meta property=\"og:site_name\" content=\"Adoro Dan\u00e7ar\" \/>\n<meta property=\"article:publisher\" content=\"https:\/\/www.facebook.com\/adorodancaradois\" \/>\n<meta property=\"article:published_time\" content=\"2021-05-27T20:09:13+00:00\" \/>\n<meta property=\"og:image\" content=\"https:\/\/adorodancar.com.br\/blog\/wp-content\/uploads\/2021\/05\/lives-musicais.jpg\" \/>\n\t<meta property=\"og:image:width\" content=\"924\" \/>\n\t<meta property=\"og:image:height\" content=\"557\" \/>\n<meta name=\"twitter:card\" content=\"summary_large_image\" \/>\n<meta name=\"twitter:creator\" content=\"@adoro_dancar\" \/>\n<meta name=\"twitter:site\" content=\"@adoro_dancar\" \/>\n<script type=\"application\/ld+json\" class=\"yoast-schema-graph\">{\"@context\":\"https:\/\/schema.org\",\"@graph\":[{\"@type\":\"WebSite\",\"@id\":\"https:\/\/adorodancar.com.br\/blog\/#website\",\"url\":\"https:\/\/adorodancar.com.br\/blog\/\",\"name\":\"Adoro Dan\\u00e7ar\",\"description\":\"Site para todos que adoram dan\\u00e7ar\",\"potentialAction\":[{\"@type\":\"SearchAction\",\"target\":\"https:\/\/adorodancar.com.br\/blog\/?s={search_term_string}\",\"query-input\":\"required name=search_term_string\"}],\"inLanguage\":\"pt-BR\"},{\"@type\":\"ImageObject\",\"@id\":\"https:\/\/adorodancar.com.br\/blog\/2021\/05\/proximas-lives-de-artistas-famosos-nas-redes-sociais\/#primaryimage\",\"inLanguage\":\"pt-BR\",\"url\":\"https:\/\/adorodancar.com.br\/blog\/wp-content\/uploads\/2021\/05\/lives-musicais.jpg\",\"width\":924,\"height\":557,\"caption\":\"Lives nas redes sociais\"},{\"@type\":\"WebPage\",\"@id\":\"https:\/\/adorodancar.com.br\/blog\/2021\/05\/proximas-lives-de-artistas-famosos-nas-redes-sociais\/#webpage\",\"url\":\"https:\/\/adorodancar.com.br\/blog\/2021\/05\/proximas-lives-de-artistas-famosos-nas-redes-sociais\/\",\"name\":\"Pr\\u00f3ximas Lives de artistas famosos nas redes sociais - Adoro Dan\\u00e7ar\",\"isPartOf\":{\"@id\":\"https:\/\/adorodancar.com.br\/blog\/#website\"},\"primaryImageOfPage\":{\"@id\":\"https:\/\/adorodancar.com.br\/blog\/2021\/05\/proximas-lives-de-artistas-famosos-nas-redes-sociais\/#primaryimage\"},\"datePublished\":\"2021-05-27T20:09:13+00:00\",\"dateModified\":\"2021-05-27T20:09:13+00:00\",\"author\":{\"@id\":\"https:\/\/adorodancar.com.br\/blog\/#\/schema\/person\/6bbf1c50cac0723f058ee0743485b012\"},\"description\":\"Veja neste artigo as pr\\u00f3ximas lives musicais de artistas famosos programadas para rolar nas redes sociais para se animar e dan\\u00e7ar.\",\"inLanguage\":\"pt-BR\",\"potentialAction\":[{\"@type\":\"ReadAction\",\"target\":[\"https:\/\/adorodancar.com.br\/blog\/2021\/05\/proximas-lives-de-artistas-famosos-nas-redes-sociais\/\"]}]},{\"@type\":[\"Person\"],\"@id\":\"https:\/\/adorodancar.com.br\/blog\/#\/schema\/person\/6bbf1c50cac0723f058ee0743485b012\",\"name\":\"adorodan\\u00e7ar\",\"image\":{\"@type\":\"ImageObject\",\"@id\":\"https:\/\/adorodancar.com.br\/blog\/#personlogo\",\"inLanguage\":\"pt-BR\",\"url\":\"https:\/\/secure.gravatar.com\/avatar\/62ee7c1a19d6e6cde267b3b78fe33700?s=96&d=mm&r=g\",\"caption\":\"adorodan\\u00e7ar\"}}]}<\/script>\n<!-- \/ Yoast SEO plugin. -->","_links":{"self":[{"href":"https:\/\/adorodancar.com.br\/blog\/wp-json\/wp\/v2\/posts\/452"}],"collection":[{"href":"https:\/\/adorodancar.com.br\/blog\/wp-json\/wp\/v2\/posts"}],"about":[{"href":"https:\/\/adorodancar.com.br\/blog\/wp-json\/wp\/v2\/types\/post"}],"author":[{"embeddable":true,"href":"https:\/\/adorodancar.com.br\/blog\/wp-json\/wp\/v2\/users\/1"}],"replies":[{"embeddable":true,"href":"https:\/\/adorodancar.com.br\/blog\/wp-json\/wp\/v2\/comments?post=452"}],"version-history":[{"count":5,"href":"https:\/\/adorodancar.com.br\/blog\/wp-json\/wp\/v2\/posts\/452\/revisions"}],"predecessor-version":[{"id":466,"href":"https:\/\/adorodancar.com.br\/blog\/wp-json\/wp\/v2\/posts\/452\/revisions\/466"}],"wp:featuredmedia":[{"embeddable":true,"href":"https:\/\/adorodancar.com.br\/blog\/wp-json\/wp\/v2\/media\/453"}],"wp:attachment":[{"href":"https:\/\/adorodancar.com.br\/blog\/wp-json\/wp\/v2\/media?parent=452"}],"wp:term":[{"taxonomy":"category","embeddable":true,"href":"https:\/\/adorodancar.com.br\/blog\/wp-json\/wp\/v2\/categories?post=452"},{"taxonomy":"post_tag","embeddable":true,"href":"https:\/\/adorodancar.com.br\/blog\/wp-json\/wp\/v2\/tags?post=452"}],"curies":[{"name":"wp","href":"https:\/\/api.w.org\/{rel}","templated":true}]}}